{"id":2892,"date":"2026-01-11T10:56:46","date_gmt":"2026-01-11T09:56:46","guid":{"rendered":"https:\/\/worldofmeg.be\/?p=2892"},"modified":"2026-01-12T17:16:44","modified_gmt":"2026-01-12T16:16:44","slug":"world-of-meg-awards-2025-3-series","status":"publish","type":"post","link":"https:\/\/worldofmeg.be\/index.php\/2026\/01\/11\/2892\/","title":{"rendered":"World of Meg&rsquo; Awards 2025 &#8211; 3 &#8211; S\u00e9ries"},"content":{"rendered":"<p>Aujourd&rsquo;hui, place aux Awards S\u00e9ries 2025, cat\u00e9gorie qui avait vu <span style=\"color: #ffcc00;\"><strong>la saison 1 de Fallout<\/strong><\/span> l&#8217;emporter l&rsquo;an dernier.<\/p>\n<p>Il y a de tout : des s\u00e9ries qui se terminent, des nouveaut\u00e9s, des minis\u00e9ries, des anim\u00e9s, etc. \u2026 de quoi plaire \u00e0 tout le monde, surtout avec 43 s\u00e9ries class\u00e9es.<\/p>\n<p>Alors, quelle a \u00e9t\u00e9 ma s\u00e9rie de l\u2019ann\u00e9e ?<\/p>\n<p><!--more--><\/p>\n<h2>Premier Prix S\u00e9ries 2025 : <span style=\"color: #ffcc00;\">Poker Face &#8211; Saison 2<\/span><\/h2>\n<p><a href=\"https:\/\/worldofmeg.be\/wp-content\/uploads\/2026\/01\/PokerFace.jpg\"><img loading=\"lazy\" decoding=\"async\" class=\"alignleft size-medium wp-image-3191\" src=\"https:\/\/worldofmeg.be\/wp-content\/uploads\/2026\/01\/PokerFace-203x300.jpg\" alt=\"\" width=\"203\" height=\"300\" srcset=\"https:\/\/worldofmeg.be\/wp-content\/uploads\/2026\/01\/PokerFace-203x300.jpg 203w, https:\/\/worldofmeg.be\/wp-content\/uploads\/2026\/01\/PokerFace-691x1024.jpg 691w, https:\/\/worldofmeg.be\/wp-content\/uploads\/2026\/01\/PokerFace-101x150.jpg 101w, https:\/\/worldofmeg.be\/wp-content\/uploads\/2026\/01\/PokerFace-768x1138.jpg 768w, https:\/\/worldofmeg.be\/wp-content\/uploads\/2026\/01\/PokerFace-1037x1536.jpg 1037w, https:\/\/worldofmeg.be\/wp-content\/uploads\/2026\/01\/PokerFace.jpg 1080w\" sizes=\"auto, (max-width: 203px) 100vw, 203px\" \/><\/a>J&rsquo;ai longuement h\u00e9sit\u00e9 entre les 2 premi\u00e8res places mais finalement, ce sont bien les aventures de Charlie Cale qui finissent en t\u00eate.<\/p>\n<p>J&rsquo;ai d\u00e9j\u00e0 pu vous dire <a href=\"https:\/\/worldofmeg.be\/index.php\/2025\/07\/16\/2407\/\" target=\"_blank\" rel=\"noopener\">tout le bien que j&rsquo;en pensais dans ma critique pendant l&rsquo;ann\u00e9e<\/a>, et je continue \u00e0 penser qu&rsquo;<strong>il s&rsquo;agit d&rsquo;une des s\u00e9ries les mieux \u00e9crites et les mieux r\u00e9alis\u00e9es de ces derni\u00e8res ann\u00e9es<\/strong>.<\/p>\n<p>Un personnage principal vraiment int\u00e9ressant et superbement interpr\u00e9t\u00e9 par une impeccable <em>Natasha Lyonne<\/em>, de chouettes guests \u00e0 chaque \u00e9pisode, de petites histoires bien \u00e9crites et un concept qui fonctionne toujours aussi bien avec ces \u00e9pisodes o\u00f9 le coupable est d\u00e9j\u00e0 connu d\u00e8s le d\u00e9but mais qu&rsquo;il faut maintenant le coincer.<\/p>\n<p>Malheureusement, on a appris courant novembre qu&rsquo;il n&rsquo;y aurait pas de troisi\u00e8me saison, en tout cas pas sous cette forme. Rian Johnson cherche un moyen de prolonger la s\u00e9rie ailleurs (en adaptant aussi le casting), on croise les doigts pour que \u00e7a se concr\u00e9tise. Mais en attendant, foncez voir les 2 saisons !<\/p>\n<p><a href=\"https:\/\/www.youtube.com\/watch?v=mlrQBK8h2AE\" target=\"_blank\" rel=\"noopener\">Vous pouvez voir la bande-annonce en cliquant ici<\/a>. La s\u00e9rie reste compliqu\u00e9e \u00e0 voir dans les pays francophones mais est visible sur Peacock aux \u00c9tats-Unis.<\/p>\n<h2>Les autres incontournables<\/h2>\n<h3 style=\"padding-left: 40px;\">2<sup>\u00e8me<\/sup> :<strong><em> Star Trek : Strange New Worlds &#8211; Saison 3<\/em><\/strong><\/h3>\n<p><a href=\"https:\/\/worldofmeg.be\/wp-content\/uploads\/2026\/01\/StarTrekSNW3.jpg\"><img loading=\"lazy\" decoding=\"async\" class=\"alignleft size-thumbnail wp-image-3201\" src=\"https:\/\/worldofmeg.be\/wp-content\/uploads\/2026\/01\/StarTrekSNW3-101x150.jpg\" alt=\"\" width=\"101\" height=\"150\" srcset=\"https:\/\/worldofmeg.be\/wp-content\/uploads\/2026\/01\/StarTrekSNW3-101x150.jpg 101w, https:\/\/worldofmeg.be\/wp-content\/uploads\/2026\/01\/StarTrekSNW3-202x300.jpg 202w, https:\/\/worldofmeg.be\/wp-content\/uploads\/2026\/01\/StarTrekSNW3.jpg 250w\" sizes=\"auto, (max-width: 101px) 100vw, 101px\" \/><\/a>Le plus \u00e9tonnant, c&rsquo;est que je n&rsquo;ai pas encore r\u00e9ellement fait un article consacr\u00e9 \u00e0 cette s\u00e9rie dont chaque saison se retrouve sur le podium : <strong>Premier Prix\u00a0en 2022<\/strong>, 3<sup>\u00e8me<\/sup> en 2023 d\u00e9j\u00e0 derri\u00e8re <em>Poker Face<\/em> et 2<sup>\u00e8me<\/sup> cette ann\u00e9e.<\/p>\n<p>La s\u00e9rie se d\u00e9roule une dizaine d&rsquo;ann\u00e9es avant l&rsquo;originale s\u00e9rie <em>Star Trek <\/em>et nous propose de suivre les aventures de l&rsquo;\u00e9quipe de l&rsquo;USS Enterprise, le m\u00eame vaisseau bien connu aux commandes du Capitaine Kirk, mais en suivant ici le capitaine pr\u00e9c\u00e9dent, Christopher Pike (<em>Anson Mount<\/em>) et son \u00e9quipage.<\/p>\n<p>Strange New Worlds propose un format similaire \u00e0 celui de la s\u00e9rie originale avec son \u00ab\u00a0aventure de la semaine\u00a0\u00bb, m\u00eame s&rsquo;il y a des fils rouges qui lient certains \u00e9pisodes et saisons. Au fil des \u00e9pisodes nous suivons l&rsquo;Enterprise dans ses missions d&rsquo;exploration et de sauvetage mais en suivant \u00e9galement le quotidien et les relations de son \u00e9quipage.<\/p>\n<p>La s\u00e9rie a le gros avantage d&rsquo;\u00eatre assez auto-explicite que pour que n&rsquo;importe qui d&rsquo;un peu curieux sur le sujet puisse l&rsquo;appr\u00e9cier sans \u00eatre d\u00e9j\u00e0 plong\u00e9 dans l&rsquo;univers assez grand de <em>Star Trek<\/em>.<\/p>\n<p>Cette saison continuera \u00e0 parler du conflit avec les Gorn, le cliffhanger de la seconde saison mais explorera aussi de nouvelles menaces.<\/p>\n<p><strong>La saison est vraiment r\u00e9ussie, difficile de trouver un \u00e9pisode \u00ab\u00a0moins bon\u00a0\u00bb<\/strong>, m\u00eame si l&rsquo;on peut pr\u00e9f\u00e9rer l&rsquo;un ou l&rsquo;autre selon le style d&rsquo;\u00e9pisode qu&rsquo;on pr\u00e9f\u00e8re. On continue \u00e0 avoir ce m\u00e9lange d&rsquo;\u00e9pisodes s\u00e9rieux entour\u00e9s d&rsquo;exp\u00e9riences plus l\u00e9g\u00e8res ou touchantes.<\/p>\n<p>Et je n&rsquo;\u00e9tais pas loin d&rsquo;encore la placer en t\u00eate &#8230; donc <strong>si vous ne connaissez pas la s\u00e9rie, foncez !<\/strong> Et j&rsquo;en parlerai plus en profondeur un jour.<\/p>\n<p><a href=\"https:\/\/www.youtube.com\/watch?v=bck1KugB8FA\" target=\"_blank\" rel=\"noopener\">Vous pouvez voir la bande-annonce en cliquant ici<\/a>. Visible sur Amazon Prime (en achat et non en streaming) en Belgique ou sur Paramount+ en France.<\/p>\n<h3 style=\"padding-left: 40px;\">3<sup>\u00e8me<\/sup> : \u00a0<em>\u00c7a : Bienvenue \u00e0 Derry<\/em><\/h3>\n<p><a href=\"https:\/\/worldofmeg.be\/wp-content\/uploads\/2026\/01\/Derry.webp\"><img loading=\"lazy\" decoding=\"async\" class=\"alignleft size-thumbnail wp-image-3175\" src=\"https:\/\/worldofmeg.be\/wp-content\/uploads\/2026\/01\/Derry-113x150.webp\" alt=\"\" width=\"113\" height=\"150\" srcset=\"https:\/\/worldofmeg.be\/wp-content\/uploads\/2026\/01\/Derry-113x150.webp 113w, https:\/\/worldofmeg.be\/wp-content\/uploads\/2026\/01\/Derry-225x300.webp 225w, https:\/\/worldofmeg.be\/wp-content\/uploads\/2026\/01\/Derry-768x1024.webp 768w, https:\/\/worldofmeg.be\/wp-content\/uploads\/2026\/01\/Derry-1152x1536.webp 1152w, https:\/\/worldofmeg.be\/wp-content\/uploads\/2026\/01\/Derry.webp 1200w\" sizes=\"auto, (max-width: 113px) 100vw, 113px\" \/><\/a>En lan\u00e7ant le premier \u00e9pisode, je ne m&rsquo;attendais pas \u00e0 ce que finalement la s\u00e9rie soit class\u00e9e aussi haut dans mon classement de l&rsquo;ann\u00e9e. Mais <strong>j&rsquo;ai tr\u00e8s vite accroch\u00e9 \u00e0 ce qu&rsquo;elle voulait nous raconter et comment elle nous le montre<\/strong>, comme j&rsquo;ai d\u00e9j\u00e0 pu le dire dans <a href=\"https:\/\/worldofmeg.be\/index.php\/2025\/12\/26\/3080\/\" target=\"_blank\" rel=\"noopener\">ma r\u00e9cente critique compl\u00e8te<\/a>.<\/p>\n<p>En 1962, \u00e0 peu pr\u00e8s 27 ans avant les \u00e9v\u00e9nements du film <em>\u00ab\u00a0\u00c7a<\/em>\u00ab\u00a0, dans la petite ville de Derry, un groupe d\u2019enfants d\u00e9cide d\u2019enqu\u00eater pour retrouver un gar\u00e7on de leur classe qui a myst\u00e9rieusement disparu depuis plusieurs mois. Dans le m\u00eame temps, les militaires de la base locale m\u00e8nent des fouilles pour leur division des \u00ab\u00a0projets sp\u00e9ciaux\u00a0\u00bb dans le but de trouver une arme permettant d\u2019arr\u00eater la Guerre Froide.<\/p>\n<p>En 8 \u00e9pisodes, la s\u00e9rie prolonge l\u2019univers de \u00ab\u00a0<em>\u00c7a<\/em> \u00bb avec respect et en nous plongeant au c\u0153ur d\u2019une intrigue vraiment int\u00e9ressante avec des personnages auxquels on s\u2019attache, un c\u00f4t\u00e9 horrifique qui apporte une belle tension et un univers que j\u2019appr\u00e9cie. Il n\u2019en fallait pas plus pour me plaire.<\/p>\n<p><a href=\"https:\/\/www.youtube.com\/watch?v=_2zvyRtZbGw\" target=\"_blank\" rel=\"noopener\">Vous pouvez voir la bande-annonce en cliquant ici<\/a>. Visible sur HBO Max.<\/p>\n<h3 style=\"padding-left: 40px;\">4<sup>\u00e8me<\/sup> : <strong><em>Pluribus<\/em><\/strong><\/h3>\n<p><a href=\"https:\/\/worldofmeg.be\/wp-content\/uploads\/2026\/01\/Pluribus.jpg\"><img loading=\"lazy\" decoding=\"async\" class=\"alignleft size-thumbnail wp-image-3190\" src=\"https:\/\/worldofmeg.be\/wp-content\/uploads\/2026\/01\/Pluribus-100x150.jpg\" alt=\"\" width=\"100\" height=\"150\" srcset=\"https:\/\/worldofmeg.be\/wp-content\/uploads\/2026\/01\/Pluribus-100x150.jpg 100w, https:\/\/worldofmeg.be\/wp-content\/uploads\/2026\/01\/Pluribus-200x300.jpg 200w, https:\/\/worldofmeg.be\/wp-content\/uploads\/2026\/01\/Pluribus.jpg 503w\" sizes=\"auto, (max-width: 100px) 100vw, 100px\" \/><\/a>Je vous en ai d\u00e9j\u00e0 parl\u00e9 dans un \u00ab\u00a0<a href=\"https:\/\/worldofmeg.be\/index.php\/2025\/11\/30\/2951\/\" target=\"_blank\" rel=\"noopener\">D\u00e9couvrons un pilote<\/a>\u00a0\u00bb r\u00e9cemment et <strong>j&rsquo;ai vraiment accroch\u00e9 au reste de la saison aussi<\/strong>.<\/p>\n<p>On y suit Carol Sturka (<em>Rhea Seehorn<\/em>), \u00e9crivaine \u00e0 succ\u00e8s dont la vie va compl\u00e8tement basculer le jour de la \u00ab Fusion \u00bb, lorsqu\u2019un virus extraterrestre va unir l\u2019humanit\u00e9 en une conscience collective qui rend tout le monde heureux et pacifique. Mais certaines personnes, dont Carol, semblent immunis\u00e9es et cette derni\u00e8re aimerait que l&rsquo;humanit\u00e9 redevienne comme avant.<\/p>\n<p>C&rsquo;est vraiment une s\u00e9rie tr\u00e8s \u00ab\u00a0slow burn\u00a0\u00bb, qui va faire avancer les choses lentement, nous proposer des \u00e9pisodes o\u00f9 finalement parfois peu de choses se passent mais tout en r\u00e9ussissant \u00e0 nous garder attentifs et \u00e0 nous donner envie de voir la suite.<\/p>\n<p>La seconde saison est en pr\u00e9paration et elle est tr\u00e8s attendue de mon c\u00f4t\u00e9.<\/p>\n<p><a href=\"https:\/\/www.youtube.com\/watch?v=a6lzvWby9UE\" target=\"_blank\" rel=\"noopener\">Vous pouvez voir la bande-annonce en cliquant ici<\/a>. Visible sur Apple TV.<\/p>\n<h3 style=\"padding-left: 40px;\">5<sup>\u00e8me<\/sup> : <strong><em>Severance &#8211; Saison 2<\/em><\/strong><\/h3>\n<p><a href=\"https:\/\/worldofmeg.be\/wp-content\/uploads\/2026\/01\/Severance.jpg\"><img loading=\"lazy\" decoding=\"async\" class=\"alignleft size-thumbnail wp-image-3196\" src=\"https:\/\/worldofmeg.be\/wp-content\/uploads\/2026\/01\/Severance-113x150.jpg\" alt=\"\" width=\"113\" height=\"150\" srcset=\"https:\/\/worldofmeg.be\/wp-content\/uploads\/2026\/01\/Severance-113x150.jpg 113w, https:\/\/worldofmeg.be\/wp-content\/uploads\/2026\/01\/Severance-225x300.jpg 225w, https:\/\/worldofmeg.be\/wp-content\/uploads\/2026\/01\/Severance-768x1024.jpg 768w, https:\/\/worldofmeg.be\/wp-content\/uploads\/2026\/01\/Severance-1152x1536.jpg 1152w, https:\/\/worldofmeg.be\/wp-content\/uploads\/2026\/01\/Severance.jpg 1200w\" sizes=\"auto, (max-width: 113px) 100vw, 113px\" \/><\/a>Difficile d&rsquo;\u00eatre \u00e0 la hauteur d&rsquo;une extraordinaire premi\u00e8re saison, c&rsquo;\u00e9tait un peu <a href=\"https:\/\/worldofmeg.be\/index.php\/2025\/03\/30\/2181\/\" target=\"_blank\" rel=\"noopener\">la conclusion \u00e0 chaud dans ma critique faite cette ann\u00e9e<\/a>.<\/p>\n<p>Et je garde cet avis plusieurs mois apr\u00e8s, si cette saison est moins r\u00e9ussie que la premi\u00e8re, on est n\u00e9anmoins en pr\u00e9sence d&rsquo;<strong>une tr\u00e8s bonne seconde saison de ce qui reste une tr\u00e8s bonne s\u00e9rie<\/strong>.<\/p>\n<p>On continue \u00e0 suivre les p\u00e9r\u00e9grinations d&rsquo;un groupe d&#8217;employ\u00e9s de l&rsquo;\u00e9trange soci\u00e9t\u00e9 Lumon qui travaillent \u00e0 l&rsquo;\u00e9tage des dissoci\u00e9s, o\u00f9 les employ\u00e9s ne conservent aucun souvenir du monde ext\u00e9rieur lorsqu&rsquo;ils sont au travail et n&rsquo;ont aucun souvenir de leur travail d\u00e8s qu&rsquo;ils le quittent, qui d\u00e9cident d&rsquo;en savoir plus sur l&rsquo;entreprise pour laquelle ils travaillent (oui, ce r\u00e9sum\u00e9 est volontairement vague&#8230;).<\/p>\n<p>Cette saison a d\u00e9\u00e7u pas mal de monde, mais je la classe vraiment haut car au final, les acteurs y sont toujours excellents, elle approfondit pas mal de choses dans son intrigue, r\u00e9pond \u00e0 des questions tout en posant des autres ce qui fait que, malgr\u00e9 l&rsquo;un ou l&rsquo;autre \u00e9pisode moins fort, j&rsquo;ai \u00e9t\u00e9 captiv\u00e9 par cette saison.<\/p>\n<p>Et au vu des bouleversements du final, on reste en attente de vers quoi se dirigera la troisi\u00e8me saison dont le tournage ne devrait avoir lieu que l&rsquo;an prochain pour une sortie au mieux mi-2027. On a le temps.<\/p>\n<p><a href=\"https:\/\/www.youtube.com\/watch?v=_UXKlYvLGJY\" target=\"_blank\" rel=\"noopener\">Vous pouvez voir la bande-annonce en cliquant ici<\/a>. Visible sur Apple TV.<\/p>\n<h3 style=\"padding-left: 40px;\">6<sup>\u00e8me<\/sup> : <strong><em>Silo &#8211; Saison 2<\/em><\/strong><\/h3>\n<p><a href=\"https:\/\/worldofmeg.be\/wp-content\/uploads\/2026\/01\/Silo.webp\"><img loading=\"lazy\" decoding=\"async\" class=\"alignleft size-thumbnail wp-image-3197\" src=\"https:\/\/worldofmeg.be\/wp-content\/uploads\/2026\/01\/Silo-113x150.webp\" alt=\"\" width=\"113\" height=\"150\" srcset=\"https:\/\/worldofmeg.be\/wp-content\/uploads\/2026\/01\/Silo-113x150.webp 113w, https:\/\/worldofmeg.be\/wp-content\/uploads\/2026\/01\/Silo-225x300.webp 225w, https:\/\/worldofmeg.be\/wp-content\/uploads\/2026\/01\/Silo.webp 600w\" sizes=\"auto, (max-width: 113px) 100vw, 113px\" \/><\/a>Je n&rsquo;ai pas pris le temps de vous faire une critique de cette seconde saison cette ann\u00e9e, mais <a href=\"https:\/\/worldofmeg.be\/index.php\/2024\/12\/21\/1834\/\" target=\"_blank\" rel=\"noopener\">je vous avais fortement recommand\u00e9 la premi\u00e8re l&rsquo;an dernier<\/a>.<\/p>\n<p>Dans un futur inconnu, 10.000 personnes vivent dans une structure souterraine de 144 \u00e9tages, suivant des r\u00e8gles strictes, n&rsquo;ayant aucune trace de leur pass\u00e9. Cette seconde saison ouvre de nouvelles intrigues en scindant son histoire entre 2 lieux diff\u00e9rents, suivant Juliette Nichols (<em>Rebecca Fergusson<\/em>) d&rsquo;un c\u00f4t\u00e9, explorant un lieu inconnu pour elle et de l&rsquo;autre, on suit la r\u00e9bellion naissante dans le Silo et ses cons\u00e9quences.<\/p>\n<p><strong>Cette seconde saison est toujours aussi qualitative<\/strong>, vraiment intense et continue \u00e0 entretenir le myst\u00e8re tout en nous d\u00e9voilant petit \u00e0 petit les myst\u00e8res autour du Silo. Le casting est toujours aussi excellent, <em>Rebecca Fergusson<\/em> en t\u00eate mais <em>Tim Robbins<\/em>, <em>Common<\/em>, <em>Chinaza Uche<\/em> et tous les autres le sont tout autant.<\/p>\n<p>On nous laisse encore sur un cliffhanger mais la troisi\u00e8me saison devrait arriver en 2026, suivie d&rsquo;une quatri\u00e8me et derni\u00e8re. On en reparle cette ann\u00e9e ?<\/p>\n<p><a href=\"https:\/\/www.youtube.com\/watch?v=CLJDR-vFUdY\" target=\"_blank\" rel=\"noopener\">Vous pouvez voir la bande-annonce en cliquant ici<\/a>. Visible sur Apple TV.<\/p>\n<h3 style=\"padding-left: 40px;\">7<sup>\u00e8me<\/sup> : <strong><em>Resident Alien &#8211; Saison 4<\/em><\/strong><\/h3>\n<p><a href=\"https:\/\/worldofmeg.be\/wp-content\/uploads\/2026\/01\/ResidentAlien.jpg\"><img loading=\"lazy\" decoding=\"async\" class=\"alignleft size-thumbnail wp-image-3194\" src=\"https:\/\/worldofmeg.be\/wp-content\/uploads\/2026\/01\/ResidentAlien-113x150.jpg\" alt=\"\" width=\"113\" height=\"150\" srcset=\"https:\/\/worldofmeg.be\/wp-content\/uploads\/2026\/01\/ResidentAlien-113x150.jpg 113w, https:\/\/worldofmeg.be\/wp-content\/uploads\/2026\/01\/ResidentAlien-225x300.jpg 225w, https:\/\/worldofmeg.be\/wp-content\/uploads\/2026\/01\/ResidentAlien-768x1024.jpg 768w, https:\/\/worldofmeg.be\/wp-content\/uploads\/2026\/01\/ResidentAlien-1152x1536.jpg 1152w, https:\/\/worldofmeg.be\/wp-content\/uploads\/2026\/01\/ResidentAlien.jpg 1200w\" sizes=\"auto, (max-width: 113px) 100vw, 113px\" \/><\/a>Je vous ai (enfin !) parl\u00e9 de la s\u00e9rie <a href=\"https:\/\/worldofmeg.be\/index.php\/2025\/12\/18\/2445\/\" target=\"_blank\" rel=\"noopener\">dans un article r\u00e9cemment et j&rsquo;ai pu vous dire tout le bien que j&rsquo;en pensais<\/a>.<\/p>\n<p>Toujours port\u00e9e par l&rsquo;excellent <em>Alan Tudyk<\/em> entour\u00e9 d&rsquo;un casting 4 \u00e9toiles, cette\u00a04\u00e8me saison conclut les aventures notre extra-terrestre Harry sur Terre et r\u00e9ussit \u00e0 fermer toutes les intrigues ouvertes et \u00e0 donner <strong>une vraie fin concluante et r\u00e9ussie \u00e0 la s\u00e9rie<\/strong>.<\/p>\n<p><a href=\"https:\/\/www.youtube.com\/watch?v=jGp8NesA-VE\" target=\"_blank\" rel=\"noopener\">Vous pouvez voir la bande-annonce en cliquant ici<\/a>. Visible sur SyFy et bient\u00f4t sur Netflix.<\/p>\n<h3 style=\"padding-left: 40px;\">8<sup>\u00e8me<\/sup> :<strong><em> La R\u00e9sidence (The Residence)<\/em><\/strong><\/h3>\n<p><a href=\"https:\/\/worldofmeg.be\/wp-content\/uploads\/2026\/01\/Residence.jpg\"><img loading=\"lazy\" decoding=\"async\" class=\"alignleft size-thumbnail wp-image-3193\" src=\"https:\/\/worldofmeg.be\/wp-content\/uploads\/2026\/01\/Residence-120x150.jpg\" alt=\"\" width=\"120\" height=\"150\" srcset=\"https:\/\/worldofmeg.be\/wp-content\/uploads\/2026\/01\/Residence-120x150.jpg 120w, https:\/\/worldofmeg.be\/wp-content\/uploads\/2026\/01\/Residence-240x300.jpg 240w, https:\/\/worldofmeg.be\/wp-content\/uploads\/2026\/01\/Residence-819x1024.jpg 819w, https:\/\/worldofmeg.be\/wp-content\/uploads\/2026\/01\/Residence-768x960.jpg 768w, https:\/\/worldofmeg.be\/wp-content\/uploads\/2026\/01\/Residence.jpg 1080w\" sizes=\"auto, (max-width: 120px) 100vw, 120px\" \/><\/a>Sympathique Whodunit qui a l&rsquo;originalit\u00e9 de nous proposer une enqu\u00eate au c\u0153ur de la Maison-Blanche.<\/p>\n<p>On y suit la D\u00e9tective Cordelia Cupp (<em>Uzo Aduba<\/em>), consultante pour la police et ornithologue \u00e0 ses heures, engag\u00e9e pour lever le myst\u00e8re autour de la mort de A.B. Wynter (<em>Giancarlo Esposito<\/em>), Huissier en Chef de la Maison-Blanche, retrouv\u00e9 mort alors qu&rsquo;au m\u00eame moment au rez-de-chauss\u00e9e se d\u00e9roule un Diner d&rsquo;\u00c9tat pour le Premier Ministre Australien.<\/p>\n<p><strong>Une enqu\u00eate assez chouette, pleine d&rsquo;humour avec une sacr\u00e9e galerie de personnages<\/strong>, c&rsquo;est une s\u00e9rie assez amusante \u00e0 suivre qui nous donne envie de d\u00e9couvrir ce qu&rsquo;il s&rsquo;est vraiment pass\u00e9. Petit regret, la s\u00e9rie \u00e9tait envisag\u00e9e comme une anthologie o\u00f9 l&rsquo;on retrouverait la D\u00e9tective Cupp (et peut-\u00eatre l&rsquo;agent Park) dans un nouveau lieu avec une nouvelle enqu\u00eate \u00e0 chaque nouvelle saison, mais il n&rsquo;y aura pas de suite.<\/p>\n<p><a href=\"https:\/\/www.youtube.com\/watch?v=Aiewz6VEHpA\" target=\"_blank\" rel=\"noopener\">Vous pouvez voir la bande-annonce en cliquant ici<\/a>. Visible sur Netflix<\/p>\n<h3 style=\"padding-left: 40px;\">9<sup>\u00e8me<\/sup> :<strong><em> The War between the Land and the Sea<\/em><\/strong><\/h3>\n<p><a href=\"https:\/\/worldofmeg.be\/wp-content\/uploads\/2026\/01\/The_War_Between_the_Land_and_the_Sea_poster.jpg\"><img loading=\"lazy\" decoding=\"async\" class=\"alignleft size-thumbnail wp-image-3203\" src=\"https:\/\/worldofmeg.be\/wp-content\/uploads\/2026\/01\/The_War_Between_the_Land_and_the_Sea_poster-120x150.jpg\" alt=\"\" width=\"120\" height=\"150\" srcset=\"https:\/\/worldofmeg.be\/wp-content\/uploads\/2026\/01\/The_War_Between_the_Land_and_the_Sea_poster-120x150.jpg 120w, https:\/\/worldofmeg.be\/wp-content\/uploads\/2026\/01\/The_War_Between_the_Land_and_the_Sea_poster-240x300.jpg 240w, https:\/\/worldofmeg.be\/wp-content\/uploads\/2026\/01\/The_War_Between_the_Land_and_the_Sea_poster-819x1024.jpg 819w, https:\/\/worldofmeg.be\/wp-content\/uploads\/2026\/01\/The_War_Between_the_Land_and_the_Sea_poster-768x960.jpg 768w, https:\/\/worldofmeg.be\/wp-content\/uploads\/2026\/01\/The_War_Between_the_Land_and_the_Sea_poster.jpg 1080w\" sizes=\"auto, (max-width: 120px) 100vw, 120px\" \/><\/a>J&rsquo;ai d\u00e9j\u00e0 vu vous dire tout le bien que je pensais de cette s\u00e9rie <a href=\"https:\/\/worldofmeg.be\/index.php\/2025\/12\/23\/3092\/\" target=\"_blank\" rel=\"noopener\">dans une critique en d\u00e9cembre au moment de sa sortie<\/a>.<\/p>\n<p>Dans ce spin-off de Doctor Who, une race humano\u00efde sous-marine \u00e9merge de l\u2019oc\u00e9an de par le monde, se r\u00e9v\u00e9lant \u00e0 l\u2019humanit\u00e9, ce qui d\u00e9clenche une crise internationale sans pr\u00e9c\u00e9dent.<\/p>\n<p><strong>Une r\u00e9ussite<\/strong> \u00e0 la fois sur le c\u00f4t\u00e9 \u00ab thriller politique \u00bb mais \u00e9galement quand il s\u2019agit d\u2019explorer les relations entre les personnages et jusqu&rsquo;o\u00f9 certains peuvent aller pour d\u00e9fendre leurs id\u00e9es et leur civilisation.<\/p>\n<p><a href=\"https:\/\/www.youtube.com\/watch?v=3ChxHO5fuOM\" target=\"_blank\" rel=\"noopener\">Vous pouvez voir la bande-annonce en cliquant ici<\/a>. Visible sur BBC et prochainement sur Disney+.<\/p>\n<h3 style=\"padding-left: 40px;\">10<sup>\u00e8me<\/sup> :<strong><em> The Hot Spot<\/em><\/strong><\/h3>\n<p><a href=\"https:\/\/worldofmeg.be\/wp-content\/uploads\/2026\/01\/TheHotSpot.jpg\"><img loading=\"lazy\" decoding=\"async\" class=\"alignleft size-thumbnail wp-image-3204\" src=\"https:\/\/worldofmeg.be\/wp-content\/uploads\/2026\/01\/TheHotSpot-105x150.jpg\" alt=\"\" width=\"105\" height=\"150\" srcset=\"https:\/\/worldofmeg.be\/wp-content\/uploads\/2026\/01\/TheHotSpot-105x150.jpg 105w, https:\/\/worldofmeg.be\/wp-content\/uploads\/2026\/01\/TheHotSpot-210x300.jpg 210w, https:\/\/worldofmeg.be\/wp-content\/uploads\/2026\/01\/TheHotSpot.jpg 718w\" sizes=\"auto, (max-width: 105px) 100vw, 105px\" \/><\/a>Sympathique curiosit\u00e9 venue de Japon, j&rsquo;ai \u00e9galement <a href=\"https:\/\/worldofmeg.be\/index.php\/2025\/11\/13\/2879\/\" target=\"_blank\" rel=\"noopener\">d\u00e9j\u00e0 pu vous en dire plus dans ma critique<\/a>.<\/p>\n<p>Dans une petite ville tranquille au pied du Mont Fuji, une employ\u00e9e d&rsquo;un petit h\u00f4tel local manque d&rsquo;\u00eatre renvers\u00e9e par un camion alors qu&rsquo;elle rentre chez elle \u00e0 v\u00e9lo. Elle ne doit la vie sauve qu&rsquo;\u00e0 l&rsquo;intervention d&rsquo;un coll\u00e8gue qui va utiliser ses capacit\u00e9s surhumaines. Il va ainsi d\u00e9voiler son secret : c&rsquo;est un extra-terrestre.<\/p>\n<p>Si vous aimez <strong>une jolie histoire bien \u00e9crite, des personnages attachants, des dialogues aux petits oignons et l\u2019humour d\u00e9cal\u00e9<\/strong>, alors donnez-lui sa chance comme je l\u2019ai fait.<\/p>\n<p>C\u2019est vraiment une s\u00e9rie rafra\u00eechissante qui peut vous donner le sourire, qui vous fera passer un bon moment avec un groupe de personnages qui ont tous leur charme et en plus, les d\u00e9cors sont superbes et elle m\u00e9rite sa place dans le top 10 de l&rsquo;ann\u00e9e.<\/p>\n<p><a href=\"https:\/\/www.netflix.com\/title\/81985186\" target=\"_blank\" rel=\"noopener\">Vous pouvez voir la bande-annonce en cliquant ici<\/a>. Visible sur Netflix.<\/p>\n<h3 style=\"padding-left: 40px;\">11<sup>\u00e8me<\/sup> :<strong><em> Peacemaker &#8211; Saison 2<\/em><\/strong><\/h3>\n<p><a href=\"https:\/\/worldofmeg.be\/wp-content\/uploads\/2026\/01\/Peacemaker.webp\"><img loading=\"lazy\" decoding=\"async\" class=\"alignleft size-thumbnail wp-image-3189\" src=\"https:\/\/worldofmeg.be\/wp-content\/uploads\/2026\/01\/Peacemaker-120x150.webp\" alt=\"\" width=\"120\" height=\"150\" srcset=\"https:\/\/worldofmeg.be\/wp-content\/uploads\/2026\/01\/Peacemaker-120x150.webp 120w, https:\/\/worldofmeg.be\/wp-content\/uploads\/2026\/01\/Peacemaker-240x300.webp 240w, https:\/\/worldofmeg.be\/wp-content\/uploads\/2026\/01\/Peacemaker-819x1024.webp 819w, https:\/\/worldofmeg.be\/wp-content\/uploads\/2026\/01\/Peacemaker-768x960.webp 768w, https:\/\/worldofmeg.be\/wp-content\/uploads\/2026\/01\/Peacemaker.webp 1200w\" sizes=\"auto, (max-width: 120px) 100vw, 120px\" \/><\/a>On retrouve <em>John Cena<\/em> dans le r\u00f4le de Peacemaker dans cette seconde saison de la suite du \u00ab\u00a0<em>The Suicide Squad<\/em>\u00a0\u00bb de 2021. Toujours \u00e9crite et en partie r\u00e9alis\u00e9e par <em>James Gunn<\/em>, elle se d\u00e9roule chronologiquement un peu apr\u00e8s le film Superman que nous avons vu cette ann\u00e9e aussi. La s\u00e9rie fait donc maintenant partie int\u00e9grante du nouveau DC Universe.<\/p>\n<p>Notre anti-h\u00e9ros aussi brutal qu\u2019absurde y sera confront\u00e9 aux cons\u00e9quences de ses actes pass\u00e9s, surtout maintenant que Rick Flag Senior dirige A.R.G.U.S.<\/p>\n<p>La s\u00e9rie continue son m\u00e9lange d&rsquo;action explosive, d&rsquo;humour grin\u00e7ant et ses r\u00e9flexions sur l\u2019identit\u00e9, la loyaut\u00e9 et ce que signifie vraiment \u00eatre un \u00ab h\u00e9ros \u00bb, le tout en \u00e9largissant son univers sans jamais perdre son ton d\u00e9jant\u00e9.<\/p>\n<p><strong>Les personnages sont tous toujours aussi attachants et dr\u00f4les, on suit leurs aventures avec plaisir.<\/strong><\/p>\n<p>Il n&rsquo;y a malheureusement pas de plan pour une troisi\u00e8me saison actuellement mais on devrait retrouver certains personnages dans d&rsquo;autres productions du DC Universe.<\/p>\n<p><a href=\"https:\/\/www.youtube.com\/watch?v=KZvNRQYhSWY\" target=\"_blank\" rel=\"noopener\">Vous pouvez voir la bande-annonce en cliquant ici<\/a>. Visible sur HBO Max.<\/p>\n<h3 style=\"padding-left: 40px;\">12<sup>\u00e8me<\/sup> :<strong><em> Murderbot : Journal d&rsquo;un AssaSynth<\/em><\/strong><\/h3>\n<p><a href=\"https:\/\/worldofmeg.be\/wp-content\/uploads\/2026\/01\/MurderBot.jpg\"><img loading=\"lazy\" decoding=\"async\" class=\"alignleft size-thumbnail wp-image-3187\" src=\"https:\/\/worldofmeg.be\/wp-content\/uploads\/2026\/01\/MurderBot-150x85.jpg\" alt=\"\" width=\"150\" height=\"85\" srcset=\"https:\/\/worldofmeg.be\/wp-content\/uploads\/2026\/01\/MurderBot-150x85.jpg 150w, https:\/\/worldofmeg.be\/wp-content\/uploads\/2026\/01\/MurderBot-300x169.jpg 300w, https:\/\/worldofmeg.be\/wp-content\/uploads\/2026\/01\/MurderBot.jpg 472w\" sizes=\"auto, (max-width: 150px) 100vw, 150px\" \/><\/a>Un robot de s\u00e9curit\u00e9 qui a r\u00e9ussi \u00e0 d\u00e9sactiver le module qui le force \u00e0 ob\u00e9ir aux ordres re\u00e7us est choisi comme robot de protection par une \u00e9quipe de chercheurs un peu \u00ab baba cool \u00bb qui est oblig\u00e9e de choisir une protection pour que leur exp\u00e9dition soit couverte par les assurances. Une exp\u00e9dition de recherche plut\u00f4t calme qui permet \u00e0 notre AssaSynth de passer son temps \u00e0 regarder des enregistrements de son soap op\u00e9ra favori, jusqu\u2019\u00e0 ce que l\u2019\u00e9quipe soit attaqu\u00e9e par une cr\u00e9ature locale. C\u2019est alors que les ennuis vont commencer \u00e0 s\u2019encha\u00eener pour l\u2019\u00e9quipe \u2026 et pour lui.<\/p>\n<p>Si j\u2019ai vite accroch\u00e9 au concept initial, <strong>je ne pensais pas qu\u2019elle finirait class\u00e9e dans les s\u00e9ries incontournables de l\u2019ann\u00e9e, mais elle est vraiment r\u00e9ussie<\/strong>.<\/p>\n<p>Une histoire int\u00e9ressante, des personnages attachants, un casting au top, on peut lui certes lui trouver de petits reproches de-ci de-l\u00e0, mais c\u2019est une excellente s\u00e9rie de science-fiction, centr\u00e9e sur les relations entre les personnages et sur l\u2019\u00e9volution de son protagoniste principal. Une seconde saison doit arriver et j&rsquo;ai h\u00e2te de voir \u00e7a.<\/p>\n<p><a href=\"https:\/\/www.youtube.com\/watch?v=vEioDeOiqEs\" target=\"_blank\" rel=\"noopener\">Vous pouvez voir la bande-annonce en cliquant ici<\/a>. Visible sur Apple TV.<\/p>\n<h3 style=\"padding-left: 40px;\">13<sup>\u00e8me<\/sup> : <strong><em>Only Murders in the Building &#8211; Saison 5<\/em><\/strong><\/h3>\n<p><a href=\"https:\/\/worldofmeg.be\/wp-content\/uploads\/2026\/01\/ONITB.jpg\"><img loading=\"lazy\" decoding=\"async\" class=\"alignleft size-thumbnail wp-image-3188\" src=\"https:\/\/worldofmeg.be\/wp-content\/uploads\/2026\/01\/ONITB-120x150.jpg\" alt=\"\" width=\"120\" height=\"150\" srcset=\"https:\/\/worldofmeg.be\/wp-content\/uploads\/2026\/01\/ONITB-120x150.jpg 120w, https:\/\/worldofmeg.be\/wp-content\/uploads\/2026\/01\/ONITB-240x300.jpg 240w, https:\/\/worldofmeg.be\/wp-content\/uploads\/2026\/01\/ONITB-819x1024.jpg 819w, https:\/\/worldofmeg.be\/wp-content\/uploads\/2026\/01\/ONITB-768x960.jpg 768w, https:\/\/worldofmeg.be\/wp-content\/uploads\/2026\/01\/ONITB.jpg 1080w\" sizes=\"auto, (max-width: 120px) 100vw, 120px\" \/><\/a>L&rsquo;ancien acteur Charles-Haden Savage (<em>Steve Martin<\/em>), le metteur en sc\u00e8ne Oliver Putnam (<em>Martin Short<\/em>) et la jeune Mabel Mora (<em>Selena Gomez<\/em>) habitent toujours \u00e0 l&rsquo;Arconia, un building \u00e0 appartements situ\u00e9 \u00e0 Manhattan, et r\u00e9alisent leur podcast consacr\u00e9 aux meurtres, qui commencent \u00e0 s&rsquo;accumuler, dans leur immeuble.<\/p>\n<p>Si la recette globale reste un peu la m\u00eame de saison en saison, avec des hauts et des bas, <strong>cette 5\u00e8me saison est vraiment chouette<\/strong>, bourr\u00e9e de fausses pistes mais aussi de bonnes id\u00e9es. L&rsquo;Arconia est au centre de l&rsquo;intrigue aussi, il y a \u00e0 nouveau de chouettes guests mais ce qui reste la plus belle r\u00e9ussite de la s\u00e9rie restent les \u00e9changes entre les 3 personnages principaux et leur \u00e9volution de saison en saison.<\/p>\n<p>La s\u00e9rie reviendra pour une 6\u00e8me saison, certainement courant 2026.<\/p>\n<p><a href=\"https:\/\/www.youtube.com\/watch?v=XR7CTSe6MCY\" target=\"_blank\" rel=\"noopener\">Vous pouvez voir la bande-annonce en cliquant ici<\/a>. Visible sur Disney+.<\/p>\n<h3 style=\"padding-left: 40px;\">14<sup>\u00e8me<\/sup> : <strong><em>Daredevil : Born Again<\/em><\/strong><\/h3>\n<p><a href=\"https:\/\/worldofmeg.be\/wp-content\/uploads\/2026\/01\/Daredevil.jpg\"><img loading=\"lazy\" decoding=\"async\" class=\"alignleft size-thumbnail wp-image-3173\" src=\"https:\/\/worldofmeg.be\/wp-content\/uploads\/2026\/01\/Daredevil-99x150.jpg\" alt=\"\" width=\"99\" height=\"150\" srcset=\"https:\/\/worldofmeg.be\/wp-content\/uploads\/2026\/01\/Daredevil-99x150.jpg 99w, https:\/\/worldofmeg.be\/wp-content\/uploads\/2026\/01\/Daredevil-197x300.jpg 197w, https:\/\/worldofmeg.be\/wp-content\/uploads\/2026\/01\/Daredevil.jpg 658w\" sizes=\"auto, (max-width: 99px) 100vw, 99px\" \/><\/a>Le retour du plus c\u00e9l\u00e8bre avocat aveugle de Marvel avec une nouvelle s\u00e9rie qui fait suite \u00e0 la s\u00e9rie Netflix de 2015.<\/p>\n<p>Un an apr\u00e8s un \u00e9v\u00e9nement tragique, Matt Murdock (<em>Charlie Cox<\/em>) a d\u00e9cid\u00e9 de raccrocher sa capuche de Daredevil et travaille comme avocat dans un autre cabinet, toujours avec son envie d\u2019aider les personnes en difficult\u00e9. Dans le m\u00eame temps, Wilson Fisk (<em>Vincent D\u2019Onofrio<\/em>) d\u00e9cide de se porter candidat pour les prochaines \u00e9lections pour devenir maire de la ville de New-York.<\/p>\n<p>Il ne faut pas s\u2019attendre \u00e0 beaucoup plus qu\u2019une suite, d\u2019excellente qualit\u00e9, \u00e0 la s\u00e9rie diffus\u00e9e sur Netflix, mais c\u2019est un vrai bonheur de retrouver le casting 5 \u00e9toiles de la s\u00e9rie originale, toujours aussi talentueux, au service d\u2019une intrigue de qualit\u00e9 et profonde. Quelques facilit\u00e9s sc\u00e9naristiques auraient pu \u00eatre \u00e9vit\u00e9es et certains antagonistes plus approfondis mais <strong>on reste devant une excellente mise en bouche pour la conclusion qui arrive ici en 2026<\/strong>.<\/p>\n<p><a href=\"https:\/\/www.youtube.com\/watch?v=UiqpLd5PmSc\" target=\"_blank\" rel=\"noopener\">Vous pouvez voir la bande-annonce en cliquant ici<\/a>. Visible sur Disney+.<\/p>\n<h3 style=\"padding-left: 40px;\">15<sup>\u00e8me<\/sup> : <strong><em>The Chair Company<\/em><\/strong><\/h3>\n<p><strong><a href=\"https:\/\/worldofmeg.be\/wp-content\/uploads\/2026\/01\/ChairCompany.jpg\"><img loading=\"lazy\" decoding=\"async\" class=\"alignleft size-thumbnail wp-image-3170\" src=\"https:\/\/worldofmeg.be\/wp-content\/uploads\/2026\/01\/ChairCompany-101x150.jpg\" alt=\"\" width=\"101\" height=\"150\" srcset=\"https:\/\/worldofmeg.be\/wp-content\/uploads\/2026\/01\/ChairCompany-101x150.jpg 101w, https:\/\/worldofmeg.be\/wp-content\/uploads\/2026\/01\/ChairCompany-203x300.jpg 203w, https:\/\/worldofmeg.be\/wp-content\/uploads\/2026\/01\/ChairCompany-691x1024.jpg 691w, https:\/\/worldofmeg.be\/wp-content\/uploads\/2026\/01\/ChairCompany-768x1138.jpg 768w, https:\/\/worldofmeg.be\/wp-content\/uploads\/2026\/01\/ChairCompany.jpg 810w\" sizes=\"auto, (max-width: 101px) 100vw, 101px\" \/><\/a>Une s\u00e9rie vraiment quitte ou double que j&rsquo;ai de mon c\u00f4t\u00e9 class\u00e9e en incontournable <\/strong>de l&rsquo;ann\u00e9e <a href=\"https:\/\/worldofmeg.be\/index.php\/2025\/11\/25\/2928\/\" target=\"_blank\" rel=\"noopener\">apr\u00e8s vous en avoir parl\u00e9 dans un \u00ab\u00a0D\u00e9couvrons un pilote\u00a0\u00bb<\/a>.<\/p>\n<p>Ron Trosper (<em>Tim Robinson<\/em>) m\u00e8ne une assez belle vie tant dans du c\u00f4t\u00e9 personnel que professionnel, puisqu&rsquo;il est \u00e0 la t\u00eate d\u2019un \u00e9norme projet pour son entreprise : la construction d\u2019un nouveau grand centre commercial. Mais alors qu\u2019il vient de pr\u00e9senter le projet dans une grande r\u00e9union d\u2019entreprise, Ron s\u2019assied et sa chaise s\u2019effondre sur sc\u00e8ne. \u00c9nerv\u00e9 par ce qu\u2019il prend comme une humiliation, il essaie de contacter le service apr\u00e8s-vente de la marque mais se rend compte qu\u2019il semble impossible de trouver la moindre information concr\u00e8te sur l\u2019entreprise. Commence alors une enqu\u00eate avec son lot de situations particuli\u00e8res.<\/p>\n<p>La s\u00e9rie a ses d\u00e9fauts. En particulier il faut r\u00e9ussir \u00e0 supporter le surjeu souvent excessif de <em>Tim Robinson<\/em>. Mais j\u2019ai beaucoup aim\u00e9 le d\u00e9veloppement autour du myst\u00e8re initial avec ce qu&rsquo;il faut de choses improbables et loufoques jusqu&rsquo;\u00e0 une final compl\u00e8tement what-the-fuck qui laisse pr\u00e9sager d&rsquo;une seconde saison toute aussi particuli\u00e8re.<\/p>\n<p><a href=\"https:\/\/www.youtube.com\/watch?v=b0lDMHAGDnU\" target=\"_blank\" rel=\"noopener\">Vous pouvez voir la bande-annonce en cliquant ici<\/a>. Visible sur HBO Max.<\/p>\n<h3 style=\"padding-left: 40px;\">16<sup>\u00e8me<\/sup> :<strong><em> Ast\u00e9rix &amp; Ob\u00e9lix : Le Combat des Chefs<\/em><\/strong><\/h3>\n<p><a href=\"https:\/\/worldofmeg.be\/wp-content\/uploads\/2026\/01\/Asterix.jpg\"><img loading=\"lazy\" decoding=\"async\" class=\"alignleft size-thumbnail wp-image-3168\" src=\"https:\/\/worldofmeg.be\/wp-content\/uploads\/2026\/01\/Asterix-120x150.jpg\" alt=\"\" width=\"120\" height=\"150\" srcset=\"https:\/\/worldofmeg.be\/wp-content\/uploads\/2026\/01\/Asterix-120x150.jpg 120w, https:\/\/worldofmeg.be\/wp-content\/uploads\/2026\/01\/Asterix-240x300.jpg 240w, https:\/\/worldofmeg.be\/wp-content\/uploads\/2026\/01\/Asterix-819x1024.jpg 819w, https:\/\/worldofmeg.be\/wp-content\/uploads\/2026\/01\/Asterix-768x960.jpg 768w, https:\/\/worldofmeg.be\/wp-content\/uploads\/2026\/01\/Asterix-1229x1536.jpg 1229w, https:\/\/worldofmeg.be\/wp-content\/uploads\/2026\/01\/Asterix.jpg 1400w\" sizes=\"auto, (max-width: 120px) 100vw, 120px\" \/><\/a>Adaptation modernis\u00e9e de l&rsquo;album \u00e9ponyme des plus c\u00e9l\u00e8bres gaulois, cette mini-s\u00e9rie en 5 \u00e9pisodes a \u00e9t\u00e9 cr\u00e9\u00e9e par Alain Chabat.<\/p>\n<p>Lorsque Panoramix re\u00e7oit malencontreusement sur la t\u00eate un menhir lanc\u00e9 par Ob\u00e9lix, il perd la m\u00e9moire et la raison. L&rsquo;information remontant jusqu&rsquo;aux Romains, ces derniers veulent profiter de l&rsquo;impossibilit\u00e9 pour les Gaulois d&rsquo;avoir de la potion magique pour prendre le contr\u00f4le du village gr\u00e2ce \u00e0 un Combat des Chefs.<\/p>\n<p>La s\u00e9rie est vraiment bien r\u00e9alis\u00e9e et tr\u00e8s dr\u00f4le, avec l&rsquo;esprit de la bande dessin\u00e9e tr\u00e8s pr\u00e9sent mais des touches de modernit\u00e9 \u00e9galement dans le design, les r\u00e9f\u00e9rences et dans certaines s\u00e9quences. <strong>On passe vraiment un tr\u00e8s bon moment<\/strong>.<\/p>\n<p>S&rsquo;il fallait \u00eatre critique, on pourrait dire qu&rsquo;on aimerait bien en avoir une dose suppl\u00e9mentaire mais une critique plus concr\u00e8te serait un casting vocal qui est parfois moins \u00e0 la hauteur d&rsquo;autres adaptations r\u00e9centes, mais rien d&rsquo;horrible ou de dramatique non plus.<\/p>\n<p><a href=\"https:\/\/www.youtube.com\/watch?v=f4YqWtOyxyk\" target=\"_blank\" rel=\"noopener\">Vous pouvez voir la bande-annonce en cliquant ici<\/a>. Visible sur Netflix.<\/p>\n<h2>Pour passer un bon moment<\/h2>\n<h3 style=\"padding-left: 40px;\">17<sup>\u00e8me<\/sup> :<strong><em> Mercredi &#8211; Saison 2<\/em><\/strong><\/h3>\n<p><a href=\"https:\/\/worldofmeg.be\/wp-content\/uploads\/2026\/01\/Wednesday.webp\"><img loading=\"lazy\" decoding=\"async\" class=\"alignleft size-thumbnail wp-image-3207\" src=\"https:\/\/worldofmeg.be\/wp-content\/uploads\/2026\/01\/Wednesday-120x150.webp\" alt=\"\" width=\"120\" height=\"150\" srcset=\"https:\/\/worldofmeg.be\/wp-content\/uploads\/2026\/01\/Wednesday-120x150.webp 120w, https:\/\/worldofmeg.be\/wp-content\/uploads\/2026\/01\/Wednesday-240x300.webp 240w, https:\/\/worldofmeg.be\/wp-content\/uploads\/2026\/01\/Wednesday-819x1024.webp 819w, https:\/\/worldofmeg.be\/wp-content\/uploads\/2026\/01\/Wednesday-768x960.webp 768w, https:\/\/worldofmeg.be\/wp-content\/uploads\/2026\/01\/Wednesday.webp 1080w\" sizes=\"auto, (max-width: 120px) 100vw, 120px\" \/><\/a>Seconde saison pour les aventures de la fille a\u00een\u00e9e de la Famille Adams qui est de retour pour une nouvelle ann\u00e9e scolaire \u00e0 Nevermore Academy.<\/p>\n<p>Mercredi Addams (<em>Jenna Ortega<\/em>) entame une nouvelle ann\u00e9e marqu\u00e9e par une sinistre vision : la mort imminente d\u2019Enid (<em>Emma Myers<\/em>), son amie et colocataire. Son fr\u00e8re Pugsley (<em>Isaac Ordonez<\/em>) fait lui son entr\u00e9e \u00e0 l\u2019Acad\u00e9mie et va apporter son lot d&rsquo;ennuis d&rsquo;autant que Mercredi se retrouve vite entra\u00een\u00e9e dans une enqu\u00eate gla\u00e7ante impliquant des disparitions, des exp\u00e9riences interdites et une organisation pr\u00eate \u00e0 tout pour s\u2019approprier des pouvoirs surnaturels.<\/p>\n<p><strong>Cette seconde saison se laisse suivre sans d\u00e9plaisir mais elle reste moins bonne que la premi\u00e8re<\/strong>. Notez aussi la pr\u00e9sence de guests assez fun (comme <em>Steve Buscemi<\/em> ou <em>Billie Piper<\/em>) mais son intrigue essaie de raconter trop de choses et revient un peu trop aux \u00e9v\u00e9nements de la saison 1 \u00e9galement.<\/p>\n<p>On verra si la troisi\u00e8me saison, dont le tournage devrait d\u00e9buter d&rsquo;ici peu, remontera le niveau.<\/p>\n<p>Vous pouvez voir la bande-annonce en cliquant ici. Visible sur Netflix.<\/p>\n<h3 style=\"padding-left: 40px;\">18<sup>\u00e8me<\/sup> : <strong><em>Espion \u00e0 l&rsquo;Ancienne &#8211; Saison 2 (A Man on the Inside)<\/em><\/strong><\/h3>\n<p><a href=\"https:\/\/worldofmeg.be\/wp-content\/uploads\/2026\/01\/espion-a-l-ancienne-saison-2-affiche.jpg\"><img loading=\"lazy\" decoding=\"async\" class=\"alignleft size-thumbnail wp-image-3176\" src=\"https:\/\/worldofmeg.be\/wp-content\/uploads\/2026\/01\/espion-a-l-ancienne-saison-2-affiche-101x150.jpg\" alt=\"\" width=\"101\" height=\"150\" srcset=\"https:\/\/worldofmeg.be\/wp-content\/uploads\/2026\/01\/espion-a-l-ancienne-saison-2-affiche-101x150.jpg 101w, https:\/\/worldofmeg.be\/wp-content\/uploads\/2026\/01\/espion-a-l-ancienne-saison-2-affiche-203x300.jpg 203w, https:\/\/worldofmeg.be\/wp-content\/uploads\/2026\/01\/espion-a-l-ancienne-saison-2-affiche.jpg 675w\" sizes=\"auto, (max-width: 101px) 100vw, 101px\" \/><\/a>Charles Nieuwendyk (<em>Ted Danson<\/em>) travaille d\u00e9sormais officiellement comme d\u00e9tective pour l&rsquo;agence de Julie Kovalenko (<em>Lilah Richcreek Estrada<\/em>). Ils sont engag\u00e9s par le Wheeler College pour retrouver un ordinateur portable vol\u00e9 qui pourraient emp\u00eacher l&rsquo;universit\u00e9 de recevoir une donation de 400 millions de dollars d&rsquo;un milliardaire. Charles va donc infiltrer l&rsquo;\u00e9cole, se faisant cette fois-ci passer par un professeur, afin d&rsquo;enqu\u00eater.<\/p>\n<p>On a un peu le m\u00eame syndrome qu&rsquo;avec Mercredi juste au-dessus : <strong>une chouette seconde saison mais inf\u00e9rieure \u00e0 la pr\u00e9c\u00e9dente<\/strong>. Les personnages sont toujours aussi chouettes, il y a pas mal de situations amusantes mais d&rsquo;autres choses ralentissent inutilement le r\u00e9cit et on reste sur une histoire moins int\u00e9ressante que lors de la premi\u00e8re saison.<\/p>\n<p><a href=\"https:\/\/www.youtube.com\/watch?v=Y6UXdDbuNFc\" target=\"_blank\" rel=\"noopener\">Vous pouvez voir la bande-annonce en cliquant ici<\/a>. Visible sur Netflix.<\/p>\n<h3 style=\"padding-left: 40px;\">19<sup>\u00e8me<\/sup> :<strong><em> Star Wars : Skeleton Crew<\/em><\/strong><\/h3>\n<p><a href=\"https:\/\/worldofmeg.be\/wp-content\/uploads\/2026\/01\/SkeletonCrew.jpg\"><img loading=\"lazy\" decoding=\"async\" class=\"alignleft size-thumbnail wp-image-3198\" src=\"https:\/\/worldofmeg.be\/wp-content\/uploads\/2026\/01\/SkeletonCrew-120x150.jpg\" alt=\"\" width=\"120\" height=\"150\" srcset=\"https:\/\/worldofmeg.be\/wp-content\/uploads\/2026\/01\/SkeletonCrew-120x150.jpg 120w, https:\/\/worldofmeg.be\/wp-content\/uploads\/2026\/01\/SkeletonCrew-240x300.jpg 240w, https:\/\/worldofmeg.be\/wp-content\/uploads\/2026\/01\/SkeletonCrew-819x1024.jpg 819w, https:\/\/worldofmeg.be\/wp-content\/uploads\/2026\/01\/SkeletonCrew-768x960.jpg 768w, https:\/\/worldofmeg.be\/wp-content\/uploads\/2026\/01\/SkeletonCrew-1229x1536.jpg 1229w, https:\/\/worldofmeg.be\/wp-content\/uploads\/2026\/01\/SkeletonCrew.jpg 1280w\" sizes=\"auto, (max-width: 120px) 100vw, 120px\" \/><\/a>J&rsquo;ai d\u00e9j\u00e0 pu vous donner un avis plus complet sur cette s\u00e9rie dans l&rsquo;univers Star Wars <a href=\"https:\/\/worldofmeg.be\/index.php\/2025\/01\/25\/2072\/\" target=\"_blank\" rel=\"noopener\">dans cette critique de d\u00e9but d&rsquo;ann\u00e9e<\/a>.<\/p>\n<p>Quelques ann\u00e9es apr\u00e8s la chute de l\u2019Empire Galactique, quatre enfants issus d\u2019une plan\u00e8te isol\u00e9e se retrouvent accidentellement propuls\u00e9s aux confins de la galaxie. Loin de chez eux et sans rep\u00e8res, ils doivent apprendre \u00e0 survivre dans un univers aussi fascinant que dangereux pour essayer de rentrer chez eux. Ils vont s&rsquo;allier avec un vieux dro\u00efde mais \u00e9galement un \u00e9trange utilisateur de la Force et vont \u00eatre entra\u00een\u00e9s dans des probl\u00e8mes plus grands que ce qu&rsquo;ils imaginaient.<\/p>\n<p><strong>Une chouette s\u00e9rie familiale d&rsquo;aventure<\/strong>, des \u00e9pisodes dr\u00f4les, d&rsquo;autres remplis d&rsquo;action et de danger, <strong>c&rsquo;est une belle r\u00e9ussite<\/strong>. Elle manque parfois un peu d&rsquo;enjeux et il y a parfois de trop grosses co\u00efncidences mais on passe un bon moment et c&rsquo;est toujours chouette de voir <em>Jude Law<\/em> s&rsquo;amuser.<\/p>\n<p><a href=\"https:\/\/www.youtube.com\/watch?v=I27CINtclpQ\" target=\"_blank\" rel=\"noopener\">Vous pouvez voir la bande-annonce en cliquant ici<\/a>. Visible sur Disney+.<\/p>\n<h3 style=\"padding-left: 40px;\">20<sup>\u00e8me<\/sup> :<strong><em> Creature Commandos<\/em><\/strong><\/h3>\n<p><a href=\"https:\/\/worldofmeg.be\/wp-content\/uploads\/2026\/01\/CreatureCommandos.jpg\"><img loading=\"lazy\" decoding=\"async\" class=\"alignleft size-thumbnail wp-image-3172\" src=\"https:\/\/worldofmeg.be\/wp-content\/uploads\/2026\/01\/CreatureCommandos-101x150.jpg\" alt=\"\" width=\"101\" height=\"150\" srcset=\"https:\/\/worldofmeg.be\/wp-content\/uploads\/2026\/01\/CreatureCommandos-101x150.jpg 101w, https:\/\/worldofmeg.be\/wp-content\/uploads\/2026\/01\/CreatureCommandos-203x300.jpg 203w, https:\/\/worldofmeg.be\/wp-content\/uploads\/2026\/01\/CreatureCommandos-691x1024.jpg 691w, https:\/\/worldofmeg.be\/wp-content\/uploads\/2026\/01\/CreatureCommandos-768x1138.jpg 768w, https:\/\/worldofmeg.be\/wp-content\/uploads\/2026\/01\/CreatureCommandos-1037x1536.jpg 1037w, https:\/\/worldofmeg.be\/wp-content\/uploads\/2026\/01\/CreatureCommandos.jpg 1080w\" sizes=\"auto, (max-width: 101px) 100vw, 101px\" \/><\/a>Premi\u00e8re s\u00e9rie (anim\u00e9e) du nouveau \u00ab\u00a0DC Universe\u00a0\u00bb, elle nous permet de retrouver Amanda Waller (toujours doubl\u00e9e par <em>Viola Davis<\/em>), toujours \u00e0 la t\u00eate d&rsquo;A.R.G.U.S., qui, depuis les \u00e9v\u00e9nements de \u00ab\u00a0The Suicide Squad\u00a0\u00bb, n\u2019a plus le droit de prendre des prisonniers humains pour cr\u00e9er des groupes d\u2019intervention et a donc trouv\u00e9 un moyen de contourner les r\u00e8gles avec une \u00e9quipe de cr\u00e9atures \u00e9tranges.<\/p>\n<p>Je vous ai d\u00e9j\u00e0 fait <a href=\"https:\/\/worldofmeg.be\/index.php\/2025\/02\/25\/2099\/\" target=\"_blank\" rel=\"noopener\">une critique compl\u00e8te \u00e0 sa sortie<\/a> et si\u00a0je m\u2019attendais \u00e0 quelque chose de plut\u00f4t moyen, j\u2019ai \u00e9t\u00e9 agr\u00e9ablement surpris par la qualit\u00e9 de la s\u00e9rie, visuellement mais aussi narrativement.<\/p>\n<p>Pas trop long, amusant et divertissant tout en ayant une intrigue que l\u2019on suit avec plaisir, on sent les c\u00f4t\u00e9 James Gunn dans l\u2019\u00e9criture mais c\u2019est un bon petit d\u00e9but pour le DCU. \u00c0 recommander aux amateurs de s\u00e9ries anim\u00e9es ou d\u2019univers de super-h\u00e9ros \u2026 m\u00eame si le terme de h\u00e9ros n\u2019est pas le plus appropri\u00e9 ici.<\/p>\n<p><a href=\"https:\/\/www.youtube.com\/watch?v=DvsjVqVi9sI\" target=\"_blank\" rel=\"noopener\">Vous pouvez voir la bande-annonce en cliquant ici<\/a>. Visible sur HBO Max.<\/p>\n<h3 style=\"padding-left: 40px;\">21<sup>\u00e8me<\/sup> : <strong><em>The Studio<\/em><\/strong><\/h3>\n<p><a href=\"https:\/\/worldofmeg.be\/wp-content\/uploads\/2026\/01\/TheStudio.jpg\"><img loading=\"lazy\" decoding=\"async\" class=\"alignleft size-thumbnail wp-image-3206\" src=\"https:\/\/worldofmeg.be\/wp-content\/uploads\/2026\/01\/TheStudio-120x150.jpg\" alt=\"\" width=\"120\" height=\"150\" srcset=\"https:\/\/worldofmeg.be\/wp-content\/uploads\/2026\/01\/TheStudio-120x150.jpg 120w, https:\/\/worldofmeg.be\/wp-content\/uploads\/2026\/01\/TheStudio-240x300.jpg 240w, https:\/\/worldofmeg.be\/wp-content\/uploads\/2026\/01\/TheStudio-819x1024.jpg 819w, https:\/\/worldofmeg.be\/wp-content\/uploads\/2026\/01\/TheStudio-768x960.jpg 768w, https:\/\/worldofmeg.be\/wp-content\/uploads\/2026\/01\/TheStudio.jpg 1000w\" sizes=\"auto, (max-width: 120px) 100vw, 120px\" \/><\/a>Matt Remick (<em>Seth Rogen<\/em>) vient d&rsquo;\u00eatre nomm\u00e9 \u00e0 la t\u00eate du studio de cin\u00e9ma Continental Studios. Amateur de film d&rsquo;auteur et motiv\u00e9 \u00e0 l&rsquo;id\u00e9e de sauver un studio sur la pente descendante, Matt va devoir jongler entre des coll\u00e8gues pas toujours collaboratifs, des artistes narcissiques et des pressions venues de toute part pour essayer de r\u00e9aliser son r\u00eave, sans qu&rsquo;il ne cause sa perte.<\/p>\n<p><strong>Amusante com\u00e9die sur le monde du cin\u00e9ma, c&rsquo;est une s\u00e9rie qui coche pas mal de cases<\/strong> avec une belle r\u00e9alisation, de bonnes id\u00e9es de sc\u00e9nario mais elle doit aussi sa r\u00e9ussite au nombre de guests c\u00e9l\u00e8bres qui acceptent de venir jouer des versions fictives d&rsquo;eux-m\u00eames sur certains \u00e9pisodes, comme par exemple <em>Martin Scorsese<\/em> dans le pilote.<\/p>\n<p>Pour peu qu&rsquo;on aime un peu le monde du cin\u00e9ma am\u00e9ricain, on accroche vite aux personnages et aux situations qui leur arrive et Rogen est vraiment dr\u00f4le dans ce r\u00f4le. Vivement la saison 2.<\/p>\n<p><a href=\"https:\/\/www.youtube.com\/watch?v=EIQuE7JGXU8\" target=\"_blank\" rel=\"noopener\">Vous pouvez voir la bande-annonce en cliquant ici<\/a>. Visible sur Apple TV.<\/p>\n<h3 style=\"padding-left: 40px;\">22<sup>\u00e8me<\/sup> : <strong><em>Votre fid\u00e8le serviteur Spider-Man (Your Friendly Neighborhood Spider-Man)<\/em><\/strong><\/h3>\n<p><a href=\"https:\/\/worldofmeg.be\/wp-content\/uploads\/2026\/01\/FriendlySpiderMan.jpg\"><img loading=\"lazy\" decoding=\"async\" class=\"alignleft size-thumbnail wp-image-3178\" src=\"https:\/\/worldofmeg.be\/wp-content\/uploads\/2026\/01\/FriendlySpiderMan-120x150.jpg\" alt=\"\" width=\"120\" height=\"150\" srcset=\"https:\/\/worldofmeg.be\/wp-content\/uploads\/2026\/01\/FriendlySpiderMan-120x150.jpg 120w, https:\/\/worldofmeg.be\/wp-content\/uploads\/2026\/01\/FriendlySpiderMan-240x300.jpg 240w, https:\/\/worldofmeg.be\/wp-content\/uploads\/2026\/01\/FriendlySpiderMan-819x1024.jpg 819w, https:\/\/worldofmeg.be\/wp-content\/uploads\/2026\/01\/FriendlySpiderMan-768x960.jpg 768w, https:\/\/worldofmeg.be\/wp-content\/uploads\/2026\/01\/FriendlySpiderMan.jpg 1080w\" sizes=\"auto, (max-width: 120px) 100vw, 120px\" \/><\/a>Une s\u00e9rie anim\u00e9e Marvel qui se d\u00e9roule dans un univers diff\u00e9rent du MCU et qui propose une nouvelle relecture des origines de Spider-Man.<\/p>\n<p><strong>C&rsquo;est vraiment une chouette s\u00e9rie<\/strong> qui prend une histoire d\u00e9j\u00e0 assez connue et qui la transforme en quelque chose de vraiment diff\u00e9rent avec des twists vraiment originaux qui ne donnent pas l&rsquo;impression de revivre encore la m\u00eame histoire. M\u00eame s&rsquo;il y aura bien s\u00fbr des moments de \u00ab\u00a0d\u00e9j\u00e0-vu\u00a0\u00bb pour les plus amateurs de l&rsquo;homme-araign\u00e9e.<\/p>\n<p>Visuellement, la s\u00e9rie prend aussi le pari d&rsquo;avoir un look tr\u00e8s \u00ab\u00a0bande dessin\u00e9e anim\u00e9e\u00a0\u00bb que j&rsquo;ai beaucoup aim\u00e9. La seconde saison devrait pointer le bout de son nez courant 2026 et une troisi\u00e8me saison est d\u00e9j\u00e0 en production.<\/p>\n<p><a href=\"https:\/\/www.youtube.com\/watch?v=QrfHmbAFkbM\" target=\"_blank\" rel=\"noopener\">Vous pouvez voir la bande-annonce en cliquant ici<\/a>. Visible sur Disney+.<\/p>\n<h3 style=\"padding-left: 40px;\">23<sup>\u00e8me<\/sup> :<strong><em> Ranma 1\/2 &#8211; Saison 2<\/em><\/strong><\/h3>\n<p><a href=\"https:\/\/worldofmeg.be\/wp-content\/uploads\/2026\/01\/Ranma-scaled.webp\"><img loading=\"lazy\" decoding=\"async\" class=\"alignleft size-thumbnail wp-image-3192\" src=\"https:\/\/worldofmeg.be\/wp-content\/uploads\/2026\/01\/Ranma-120x150.webp\" alt=\"\" width=\"120\" height=\"150\" srcset=\"https:\/\/worldofmeg.be\/wp-content\/uploads\/2026\/01\/Ranma-120x150.webp 120w, https:\/\/worldofmeg.be\/wp-content\/uploads\/2026\/01\/Ranma-240x300.webp 240w, https:\/\/worldofmeg.be\/wp-content\/uploads\/2026\/01\/Ranma-819x1024.webp 819w, https:\/\/worldofmeg.be\/wp-content\/uploads\/2026\/01\/Ranma-768x960.webp 768w, https:\/\/worldofmeg.be\/wp-content\/uploads\/2026\/01\/Ranma-1229x1536.webp 1229w, https:\/\/worldofmeg.be\/wp-content\/uploads\/2026\/01\/Ranma-1639x2048.webp 1639w, https:\/\/worldofmeg.be\/wp-content\/uploads\/2026\/01\/Ranma-scaled.webp 2048w\" sizes=\"auto, (max-width: 120px) 100vw, 120px\" \/><\/a>Ranma Saotom\u00e9 et son p\u00e8re Genma rentrent au Japon apr\u00e8s un voyage en Chine. Ils arrivent dans la maison de la famille Tendo car les 2 p\u00e8res de famille se sont arrang\u00e9s pour que Ranma devienne le fianc\u00e9 de la fille cadette des Tendo : Akane. Mais Ranma poss\u00e8de une petite particularit\u00e9 depuis qu\u2019il est tomb\u00e9 dans une source magique en Chine : le contact avec l\u2019eau froide le transforme en femme tandis que l\u2019eau chaude le transforme en homme. Une histoire de base d\u00e9j\u00e0 bien connue de amateurs d&rsquo;anim\u00e9s des ann\u00e9es 1990.<\/p>\n<p><strong>Cette seconde saison est un peu en de\u00e7\u00e0 de la pr\u00e9c\u00e9dente.<\/strong> Je continue \u00e0 aimer ce qu&rsquo;ils ont chang\u00e9 au niveau visuel et ce qu&rsquo;ils ont modernis\u00e9 au niveau du r\u00e9cit, tout en gardant compl\u00e8tement l&rsquo;esprit original de la s\u00e9rie mais j&rsquo;ai moins aim\u00e9 certaines sous-intrigues et certaines situations qui n&rsquo;ont que peu de cons\u00e9quences. Mais \u00e7a reste un bon divertissement et on esp\u00e8re que la s\u00e9rie aura encore droit \u00e0 quelques \u00e9pisodes et qu&rsquo;elle puisse cl\u00f4turer l&rsquo;histoire.<\/p>\n<p><a href=\"https:\/\/www.youtube.com\/watch?v=EixjYdljiGI\" target=\"_blank\" rel=\"noopener\">Vous pouvez voir la bande-annonce en cliquant ici<\/a>. Visible sur Netflix.<\/p>\n<h3 style=\"padding-left: 40px;\">24<sup>\u00e8me<\/sup> :<strong><em> The Institute<\/em><\/strong><\/h3>\n<p><a href=\"https:\/\/worldofmeg.be\/wp-content\/uploads\/2026\/01\/TheInstitute-scaled.jpg\"><img loading=\"lazy\" decoding=\"async\" class=\"alignleft size-thumbnail wp-image-3205\" src=\"https:\/\/worldofmeg.be\/wp-content\/uploads\/2026\/01\/TheInstitute-101x150.jpg\" alt=\"\" width=\"101\" height=\"150\" srcset=\"https:\/\/worldofmeg.be\/wp-content\/uploads\/2026\/01\/TheInstitute-101x150.jpg 101w, https:\/\/worldofmeg.be\/wp-content\/uploads\/2026\/01\/TheInstitute-202x300.jpg 202w, https:\/\/worldofmeg.be\/wp-content\/uploads\/2026\/01\/TheInstitute-691x1024.jpg 691w, https:\/\/worldofmeg.be\/wp-content\/uploads\/2026\/01\/TheInstitute-768x1138.jpg 768w, https:\/\/worldofmeg.be\/wp-content\/uploads\/2026\/01\/TheInstitute-1037x1536.jpg 1037w, https:\/\/worldofmeg.be\/wp-content\/uploads\/2026\/01\/TheInstitute-1382x2048.jpg 1382w, https:\/\/worldofmeg.be\/wp-content\/uploads\/2026\/01\/TheInstitute-scaled.jpg 1728w\" sizes=\"auto, (max-width: 101px) 100vw, 101px\" \/><\/a>Luke Ellis (<em>Joe Freeman<\/em>), jeune g\u00e9nie de 14 ans, est kidnapp\u00e9 et se r\u00e9veille dans un \u00e9trange lieu o\u00f9 vivent aussi d&rsquo;autres jeunes : l&rsquo;Institut. Ils sont tous arriv\u00e9s l\u00e0 de la m\u00eame fa\u00e7on et poss\u00e8dent tous des pouvoirs qu&rsquo;ils ma\u00eetrisent \u00e0 diff\u00e9rents niveaux. L&rsquo;Institut semble dirig\u00e9 par Mme Sigsby (<em>Marie-Louise Parker<\/em>) et son responsable de la s\u00e9curit\u00e9 M. Stackhouse (<em>Julian Richings<\/em>) qui semblent avoir de bien \u00e9tranges motivations. Dans le m\u00eame temps, Tim Jamieson <em>(Ben Barnes),<\/em> ancien policier, s&rsquo;engage comme patrouilleur de nuit dans la ville voisine pour essayer d&rsquo;avoir une nouvelle vie. Des destins qui vont \u00eatre appel\u00e9 \u00e0 se croiser.<\/p>\n<p><strong>Chouette s\u00e9rie<\/strong>, adapt\u00e9e \u00e9galement d&rsquo;un roman de <em>Stephen King<\/em>, on se laisser porter par l&rsquo;histoire avec l&rsquo;envie d&rsquo;en savoir plus. Elle ne r\u00e9volutionne pas le genre et a parfois des soucis de rythme mais on s&rsquo;accroche vite aux personnages et maintenant on se demande la direction qui sera prise pour la seconde saison.<\/p>\n<p><a href=\"https:\/\/www.youtube.com\/watch?v=1BcvAdfyL5Y\" target=\"_blank\" rel=\"noopener\">Vous pouvez voir la bande-annonce en cliquant ici<\/a>. Visible sur HBO Max ou MGM+.<\/p>\n<h3 style=\"padding-left: 40px;\">25<sup>\u00e8me<\/sup> : <strong><em>Haunted Hotel<\/em><\/strong><\/h3>\n<p><a href=\"https:\/\/worldofmeg.be\/wp-content\/uploads\/2026\/01\/HauntedHotel.webp\"><img loading=\"lazy\" decoding=\"async\" class=\"alignleft size-thumbnail wp-image-3183\" src=\"https:\/\/worldofmeg.be\/wp-content\/uploads\/2026\/01\/HauntedHotel-120x150.webp\" alt=\"\" width=\"120\" height=\"150\" srcset=\"https:\/\/worldofmeg.be\/wp-content\/uploads\/2026\/01\/HauntedHotel-120x150.webp 120w, https:\/\/worldofmeg.be\/wp-content\/uploads\/2026\/01\/HauntedHotel-240x300.webp 240w, https:\/\/worldofmeg.be\/wp-content\/uploads\/2026\/01\/HauntedHotel-819x1024.webp 819w, https:\/\/worldofmeg.be\/wp-content\/uploads\/2026\/01\/HauntedHotel-768x960.webp 768w, https:\/\/worldofmeg.be\/wp-content\/uploads\/2026\/01\/HauntedHotel.webp 1080w\" sizes=\"auto, (max-width: 120px) 100vw, 120px\" \/><\/a>Sympathique petite anim\u00e9e en mode \u00ab\u00a0sitcom\u00a0\u00bb o\u00f9 l&rsquo;on va suivre une famille qui h\u00e9rite d&rsquo;un h\u00f4tel suite \u00e0 la mort du propri\u00e9taire et fr\u00e8re de notre h\u00e9ro\u00efne. Un h\u00f4tel pas les comme les autres puisqu&rsquo;il est habit\u00e9 par des fant\u00f4mes, y compris celui de l&rsquo;ancien propri\u00e9taire, ainsi que d&rsquo;un d\u00e9mon mill\u00e9naire enferm\u00e9 dans le corps d&rsquo;un jeune gar\u00e7on des ann\u00e9es 1700.<\/p>\n<p>Les histoires sont g\u00e9n\u00e9ralement assez dr\u00f4les et sympas et les personnages sont attachants,<strong> j&rsquo;ai assez vite accroch\u00e9 \u00e0 son humour<\/strong> et maintenant j&rsquo;attends la seconde saison.<\/p>\n<p><a href=\"https:\/\/www.youtube.com\/watch?v=UxEza8wLcS0\" target=\"_blank\" rel=\"noopener\">Vous pouvez voir la bande-annonce en cliquant ici<\/a>. Visible sur Netflix<\/p>\n<h3 style=\"padding-left: 40px;\">26<sup>\u00e8me<\/sup> : <strong><em>Chad Powers<\/em><\/strong><\/h3>\n<p><a href=\"https:\/\/worldofmeg.be\/wp-content\/uploads\/2026\/01\/ChadPowers.webp\"><img loading=\"lazy\" decoding=\"async\" class=\"alignleft size-thumbnail wp-image-3169\" src=\"https:\/\/worldofmeg.be\/wp-content\/uploads\/2026\/01\/ChadPowers-120x150.webp\" alt=\"\" width=\"120\" height=\"150\" srcset=\"https:\/\/worldofmeg.be\/wp-content\/uploads\/2026\/01\/ChadPowers-120x150.webp 120w, https:\/\/worldofmeg.be\/wp-content\/uploads\/2026\/01\/ChadPowers-240x300.webp 240w, https:\/\/worldofmeg.be\/wp-content\/uploads\/2026\/01\/ChadPowers-819x1024.webp 819w, https:\/\/worldofmeg.be\/wp-content\/uploads\/2026\/01\/ChadPowers-768x960.webp 768w, https:\/\/worldofmeg.be\/wp-content\/uploads\/2026\/01\/ChadPowers.webp 1080w\" sizes=\"auto, (max-width: 120px) 100vw, 120px\" \/><\/a>J&rsquo;ai l\u00e0 aussi d\u00e9j\u00e0 pu <a href=\"https:\/\/worldofmeg.be\/index.php\/2025\/11\/12\/2870\/\" target=\"_blank\" rel=\"noopener\">en parler en longueur dans ma critique<\/a>.<\/p>\n<p>Star du football am\u00e9ricain universitaire d\u00e9chue depuis plusieurs ann\u00e9es, Russ Holliday (<em>Glen Powell<\/em>) va profiter de tests ouverts par une universit\u00e9 pour essayer de faire rebondir sa carri\u00e8re en se pr\u00e9sentant avec des proth\u00e8ses de cin\u00e9ma et une nouvelle identit\u00e9 : Chad Powers.<\/p>\n<p><strong>Je l&rsquo;ai trouv\u00e9e tr\u00e8s sympa<\/strong> et je suis content d&rsquo;avoir appris depuis ma critique qu&rsquo;elle aura une saison 2 pour continuer son histoire incompl\u00e8te. Mais comme dit dans la critique, il y a pas mal de petites choses moins r\u00e9ussies qui n&rsquo;en font pas une indispensable, mais elle reste chouette \u00e0 suivre, surtout pour les amateurs de Football Am\u00e9ricain &#8230; ou les amateurs de Glen Powell.<\/p>\n<p><a href=\"https:\/\/www.youtube.com\/watch?v=VffYoYP8G0U\" target=\"_blank\" rel=\"noopener\">Vous pouvez voir la bande-annonce en cliquant ici<\/a>. Visible sur Disney+.<\/p>\n<h3 style=\"padding-left: 40px;\">27<sup>\u00e8me<\/sup> : <strong><em>Les Quatre Saisons (The Four Seasons)<\/em><\/strong><\/h3>\n<p><strong><a href=\"https:\/\/worldofmeg.be\/wp-content\/uploads\/2026\/01\/FourSeasons.webp\"><img loading=\"lazy\" decoding=\"async\" class=\"alignleft size-thumbnail wp-image-3177\" src=\"https:\/\/worldofmeg.be\/wp-content\/uploads\/2026\/01\/FourSeasons-120x150.webp\" alt=\"\" width=\"120\" height=\"150\" srcset=\"https:\/\/worldofmeg.be\/wp-content\/uploads\/2026\/01\/FourSeasons-120x150.webp 120w, https:\/\/worldofmeg.be\/wp-content\/uploads\/2026\/01\/FourSeasons-240x300.webp 240w, https:\/\/worldofmeg.be\/wp-content\/uploads\/2026\/01\/FourSeasons-819x1024.webp 819w, https:\/\/worldofmeg.be\/wp-content\/uploads\/2026\/01\/FourSeasons-768x960.webp 768w, https:\/\/worldofmeg.be\/wp-content\/uploads\/2026\/01\/FourSeasons.webp 1080w\" sizes=\"auto, (max-width: 120px) 100vw, 120px\" \/><\/a>Sympathique com\u00e9die sur la vie d&rsquo;un trio de couples dans la cinquantaine<\/strong> qui se retrouvent plusieurs fois par an pour passer du temps ensemble.<\/p>\n<p>Dot\u00e9 d&rsquo;un casting de grande qualit\u00e9 (<em>Tina Fey<\/em>, <em>Will Forte<\/em>, <em>Steve Carell<\/em>, &#8230;), on passe un bon moment \u00e0 suivre ces personnages dans l&rsquo;\u00e9volution de leurs vies amicales et affectives. Il y a plusieurs moments vraiment forts mais aussi d&rsquo;autres moments dr\u00f4les ou touchants.<\/p>\n<p>Elle n&rsquo;est pas indispensable non mais le fait d&rsquo;aimer le casting m&rsquo;a vraiment fait rentrer de suite dans l&rsquo;histoire et je me demande ce qu&rsquo;ils veulent raconter en seconde saison.<\/p>\n<p><a href=\"https:\/\/www.youtube.com\/watch?v=WKTwtIL4xyk\" target=\"_blank\" rel=\"noopener\">Vous pouvez voir la bande-annonce en cliquant ici<\/a>. Visible sur Netflix.<\/p>\n<h3 style=\"padding-left: 40px;\">28<sup>\u00e8me<\/sup> :<strong><em> Spy X Family &#8211; Saison 3<\/em><\/strong><\/h3>\n<p><a href=\"https:\/\/worldofmeg.be\/wp-content\/uploads\/2026\/01\/SpyXFamily-scaled.webp\"><img loading=\"lazy\" decoding=\"async\" class=\"alignleft size-thumbnail wp-image-3199\" src=\"https:\/\/worldofmeg.be\/wp-content\/uploads\/2026\/01\/SpyXFamily-106x150.webp\" alt=\"\" width=\"106\" height=\"150\" srcset=\"https:\/\/worldofmeg.be\/wp-content\/uploads\/2026\/01\/SpyXFamily-106x150.webp 106w, https:\/\/worldofmeg.be\/wp-content\/uploads\/2026\/01\/SpyXFamily-212x300.webp 212w, https:\/\/worldofmeg.be\/wp-content\/uploads\/2026\/01\/SpyXFamily-724x1024.webp 724w, https:\/\/worldofmeg.be\/wp-content\/uploads\/2026\/01\/SpyXFamily-768x1086.webp 768w, https:\/\/worldofmeg.be\/wp-content\/uploads\/2026\/01\/SpyXFamily-1087x1536.webp 1087w, https:\/\/worldofmeg.be\/wp-content\/uploads\/2026\/01\/SpyXFamily-1449x2048.webp 1449w, https:\/\/worldofmeg.be\/wp-content\/uploads\/2026\/01\/SpyXFamily-scaled.webp 1811w\" sizes=\"auto, (max-width: 106px) 100vw, 106px\" \/><\/a>On continue \u00e0 suivre l&rsquo;Op\u00e9ration Strix avec 13 nouveaux \u00e9pisodes de cette s\u00e9rie anim\u00e9e.<\/p>\n<p>Twilight, un espion, tente d\u2019\u00e9viter une guerre entre 2 nations gr\u00e2ce \u00e0 l\u2019op\u00e9ration Strix pour laquelle il doit faire croire qu\u2019il a une famille. Il prend le nom de Loid Forger, adopte Anya, une orpheline, et r\u00e9ussit \u00e0 se trouver une \u00e9pouse en la personne de Yor. Mais ils ont chacun leurs secrets, Loid est espion mais Yor est une assassin renomm\u00e9e tandis que la petite Anya sait lire les pens\u00e9es, une famille plut\u00f4t hors du commun qui va s&rsquo;agrandir avec l&rsquo;arriv\u00e9e de Bond le chien dot\u00e9 de prescience.<\/p>\n<p>La s\u00e9rie est capable de passer d&rsquo;un \u00e9pisode plut\u00f4t dr\u00f4le et amusant \u00e0 un \u00e9pisode plein de tension puis \u00e0 nous proposer des flashbacks sur des \u00e9v\u00e9nements traumatisants. <strong>Cette saison reste chouette \u00e0 suivre<\/strong> mais en dehors de l&rsquo;une ou l&rsquo;autre fulgurance, on reste quand m\u00eame sur une histoire globale qui avance assez peu. Une saison suivante n&rsquo;a pas encore \u00e9t\u00e9 annonc\u00e9e donc ne l&rsquo;attendons pas avant 2027 au plus t\u00f4t.<\/p>\n<p><a href=\"https:\/\/www.youtube.com\/watch?v=rcLDB19yrdM\" target=\"_blank\" rel=\"noopener\">Vous pouvez voir la bande-annonce en cliquant ici<\/a>. Visible sur Crunchyroll.<\/p>\n<h3 style=\"padding-left: 40px;\">29<sup>\u00e8me<\/sup> :<strong><em> Mobile Suit Gundam GQuuuuuuX<\/em><\/strong><\/h3>\n<p><a href=\"https:\/\/worldofmeg.be\/wp-content\/uploads\/2026\/01\/GQuuuuuuX-scaled.webp\"><img loading=\"lazy\" decoding=\"async\" class=\"alignleft size-thumbnail wp-image-3181\" src=\"https:\/\/worldofmeg.be\/wp-content\/uploads\/2026\/01\/GQuuuuuuX-100x150.webp\" alt=\"\" width=\"100\" height=\"150\" srcset=\"https:\/\/worldofmeg.be\/wp-content\/uploads\/2026\/01\/GQuuuuuuX-100x150.webp 100w, https:\/\/worldofmeg.be\/wp-content\/uploads\/2026\/01\/GQuuuuuuX-200x300.webp 200w, https:\/\/worldofmeg.be\/wp-content\/uploads\/2026\/01\/GQuuuuuuX-683x1024.webp 683w, https:\/\/worldofmeg.be\/wp-content\/uploads\/2026\/01\/GQuuuuuuX-768x1152.webp 768w, https:\/\/worldofmeg.be\/wp-content\/uploads\/2026\/01\/GQuuuuuuX-1024x1536.webp 1024w, https:\/\/worldofmeg.be\/wp-content\/uploads\/2026\/01\/GQuuuuuuX-1365x2048.webp 1365w, https:\/\/worldofmeg.be\/wp-content\/uploads\/2026\/01\/GQuuuuuuX-scaled.webp 1707w\" sizes=\"auto, (max-width: 100px) 100vw, 100px\" \/><\/a>On reste dans les s\u00e9ries anim\u00e9es mais cette fois-ci, on passe sur les robots g\u00e9ants ! <a href=\"https:\/\/worldofmeg.be\/index.php\/2025\/06\/25\/2344\/\" target=\"_blank\" rel=\"noopener\">J&rsquo;ai d\u00e9j\u00e0 fait une critique dessus<\/a> mais autant la pr\u00e9senter \u00e0 nouveau.<\/p>\n<p>La s\u00e9rie se passe dans l\u2019Universal Century, la ligne du temps des s\u00e9ries traditionnelles Gundam mais cette fois avec un twist : c\u2019est un Universal Century alternatif. Divers \u00e9v\u00e9nements majeurs se passent diff\u00e9remment que lors de la s\u00e9rie originale ce qui va amener un monde compl\u00e8tement diff\u00e9rent o\u00f9 Zeon a remport\u00e9 la Guerre d\u2019un An. 5 ans plus tard, nous rencontrons Machu, jeune fille h\u00e9ro\u00efne de la s\u00e9rie, qui par un concours de circonstances va se retrouver \u00e0 piloter le dernier prototype de Gundam de Zeon : le GQuuuuuux.<\/p>\n<p>Je reste finalement assez mitig\u00e9 sur la s\u00e9rie. Rien \u00e0 redire sur sa r\u00e9alisation, visuelle ou sonore, ni sur ses sc\u00e8nes d&rsquo;action et elle propose une histoire int\u00e9ressante \u00e0 suivre. Mais plus j&rsquo;y pense, plus j&rsquo;ai du mal \u00e0 la recommander principalement parce que cette histoire justement fait trop souvent r\u00e9f\u00e9rence \u00e0 la premi\u00e8re s\u00e9rie de 1979 et qu&rsquo;il faut parfois conna\u00eetre d&rsquo;obscures r\u00e9f\u00e9rences pour comprendre des \u00e9v\u00e9nements importants de cette s\u00e9rie. <strong>On passe un bon moment en la regardant mais sans doute beaucoup moins si on n&rsquo;est pas d\u00e9j\u00e0 amateur de la franchise et de l&rsquo;univers UC<\/strong>.<\/p>\n<p><a href=\"https:\/\/www.youtube.com\/watch?v=K8U2w1IcwPI\" target=\"_blank\" rel=\"noopener\">Vous pouvez voir la bande-annonce en cliquant ici<\/a>. Visible sur Amazon Prime.<\/p>\n<h3 style=\"padding-left: 40px;\">30<sup>\u00e8me<\/sup> : <strong><em>Doctor Who &#8211; Saison 15<\/em><\/strong><\/h3>\n<p><a href=\"https:\/\/worldofmeg.be\/wp-content\/uploads\/2026\/01\/Who15.jpeg\"><img loading=\"lazy\" decoding=\"async\" class=\"alignleft size-thumbnail wp-image-3208\" src=\"https:\/\/worldofmeg.be\/wp-content\/uploads\/2026\/01\/Who15-120x150.jpeg\" alt=\"\" width=\"120\" height=\"150\" srcset=\"https:\/\/worldofmeg.be\/wp-content\/uploads\/2026\/01\/Who15-120x150.jpeg 120w, https:\/\/worldofmeg.be\/wp-content\/uploads\/2026\/01\/Who15-240x300.jpeg 240w, https:\/\/worldofmeg.be\/wp-content\/uploads\/2026\/01\/Who15.jpeg 720w\" sizes=\"auto, (max-width: 120px) 100vw, 120px\" \/><\/a>Cette 2\u00e8me saison du 15\u00e8me Docteur, incarn\u00e9 par <em>Ncuti Gatwa<\/em> et propos\u00e9e sur Disney+, n&rsquo;est pas loin d&rsquo;\u00eatre une d\u00e9ception, principalement \u00e0 cause de la mani\u00e8re dont elle s&rsquo;est termin\u00e9e.<\/p>\n<p><strong>La saison en elle-m\u00eame est chouette \u00e0 suivre<\/strong> et propose des \u00e9pisodes tr\u00e8s r\u00e9ussis (<em>Lux<\/em>) ou d&rsquo;autres imparfaits mais avec de bonnes id\u00e9es (<em>The Story &amp; the Engine<\/em>), mais en moyenne la qualit\u00e9 \u00e9tait au rendez-vous. <strong>Jusqu&rsquo;au double \u00e9pisode final<\/strong> et surtout sa r\u00e9\u00e9criture tardive, qui n\u2019apporte pas une r\u00e9solution coh\u00e9rente et qui n&rsquo;arrive pas \u00e0 nous amener les \u00e9motions qu&rsquo;il fallait.<\/p>\n<p>Le Docteur reviendra pour No\u00ebl 2026, mais on ne sait pas encore sous quelle forme et on ne sait pas encore s&rsquo;il s\u2019agira de la derni\u00e8re fois que Russel T. Davies sera aux commandes. Wait &amp; see &#8230;<\/p>\n<p><a href=\"https:\/\/www.youtube.com\/watch?v=l_e-n3daGNM\" target=\"_blank\" rel=\"noopener\">Vous pouvez voir la bande-annonce en cliquant ici<\/a>. Visible sur Disney+ et BBC.<\/p>\n<h3 style=\"padding-left: 40px;\">31<sup>\u00e8me<\/sup> : <strong><em>The Paper<\/em><\/strong><\/h3>\n<p><a href=\"https:\/\/worldofmeg.be\/wp-content\/uploads\/2026\/01\/the_paper.jpg\"><img loading=\"lazy\" decoding=\"async\" class=\"alignleft size-thumbnail wp-image-3202\" src=\"https:\/\/worldofmeg.be\/wp-content\/uploads\/2026\/01\/the_paper-113x150.jpg\" alt=\"\" width=\"113\" height=\"150\" srcset=\"https:\/\/worldofmeg.be\/wp-content\/uploads\/2026\/01\/the_paper-113x150.jpg 113w, https:\/\/worldofmeg.be\/wp-content\/uploads\/2026\/01\/the_paper-225x300.jpg 225w, https:\/\/worldofmeg.be\/wp-content\/uploads\/2026\/01\/the_paper-768x1024.jpg 768w, https:\/\/worldofmeg.be\/wp-content\/uploads\/2026\/01\/the_paper-1152x1536.jpg 1152w, https:\/\/worldofmeg.be\/wp-content\/uploads\/2026\/01\/the_paper.jpg 1536w\" sizes=\"auto, (max-width: 113px) 100vw, 113px\" \/><\/a>L&rsquo;une des forces de cette sitcom est malheureusement aussi une faiblesse si on cherche absolument \u00e0 faire des comparaisons : c&rsquo;est un spin-off et une suite de The Office.<\/p>\n<p>L&rsquo;\u00e9quipe de t\u00e9l\u00e9vision qui suivait la vie quotidienne de Dunder-Mifflin \u00e0 Scranton se retrouve \u00e0 documenter les efforts d&rsquo;un nouveau r\u00e9dacteur-en-chef et de son \u00e9quipe de journalistes amateurs qui essaient de faire revivre le petit journal local : le Toledo Truth Teller.<\/p>\n<p><strong>J&rsquo;ai bien aim\u00e9 suivre cette saison, imparfaite mais souvent dr\u00f4le.<\/strong> Les personnages sont attachants (ou s&rsquo;ils ne le sont pas, c&rsquo;est \u00e0 dessein et c&rsquo;est r\u00e9ussi), les situations le sont aussi, il y a de savoureux \u00e9changes et seule une partie du dernier \u00e9pisode semble un peu trop \u00ab\u00a0hors de l&rsquo;esprit du reste\u00a0\u00bb, mais sans doute aussi parce qu&rsquo;ils ne savaient pas encore qu&rsquo;ils allaient pouvoir continuer avec une seconde saison. Il ne faut pas la voir comme un \u00ab\u00a0The Office bis\u00a0\u00bb, mais plut\u00f4t comme une continuation dans l&rsquo;esprit avec des choses totalement diff\u00e9rentes \u00e0 raconter.<\/p>\n<p><a href=\"https:\/\/www.youtube.com\/watch?v=c5v4LJJkvUU\" target=\"_blank\" rel=\"noopener\">Vous pouvez voir la bande-annonce en cliquant ici<\/a>. Visible sur Peacock aux \u00c9tats-Unis mais encore in\u00e9dite dans les pays francophones.<\/p>\n<h2>Sympathiques mais sans plus<\/h2>\n<h3 style=\"padding-left: 40px;\">32<sup>\u00e8me<\/sup> :<strong><em> Futurama &#8211; Saison 13 (ou saison 10 selon comment on les compte&#8230;)<\/em><\/strong><\/h3>\n<p><a href=\"https:\/\/worldofmeg.be\/wp-content\/uploads\/2026\/01\/Futurama15.webp\"><img loading=\"lazy\" decoding=\"async\" class=\"alignleft size-thumbnail wp-image-3179\" src=\"https:\/\/worldofmeg.be\/wp-content\/uploads\/2026\/01\/Futurama15-101x150.webp\" alt=\"\" width=\"101\" height=\"150\" srcset=\"https:\/\/worldofmeg.be\/wp-content\/uploads\/2026\/01\/Futurama15-101x150.webp 101w, https:\/\/worldofmeg.be\/wp-content\/uploads\/2026\/01\/Futurama15-203x300.webp 203w, https:\/\/worldofmeg.be\/wp-content\/uploads\/2026\/01\/Futurama15-692x1024.webp 692w, https:\/\/worldofmeg.be\/wp-content\/uploads\/2026\/01\/Futurama15-768x1137.webp 768w, https:\/\/worldofmeg.be\/wp-content\/uploads\/2026\/01\/Futurama15.webp 1013w\" sizes=\"auto, (max-width: 101px) 100vw, 101px\" \/><\/a>Et oui, Futurama continue encore. Mais comme beaucoup de s\u00e9ries qui durent aussi longtemps, <strong>on la suit par habitude, on aime certaines choses mais la qualit\u00e9 moyenne n&rsquo;est tout de m\u00eame plus aussi \u00e9lev\u00e9e qu&rsquo;au d\u00e9but<\/strong>.<\/p>\n<p>On continue \u00e0 suivre, au 31\u00e8me si\u00e8cle, la soci\u00e9t\u00e9 de livraison interplan\u00e9taire Planet Express et ses employ\u00e9s, principalement le trio Fry, le gar\u00e7on cryog\u00e9nis\u00e9 pendant 1000 ans, Leela, la mutante cyclope, et Bender, le robot fumeur, alcoolique, voleur et bourr\u00e9 d&rsquo;autres d\u00e9fauts. Entour\u00e9s de toute une galerie d&rsquo;autres personnages.<\/p>\n<p>Certains \u00e9pisodes sont meilleurs que d&rsquo;autres mais aucun ne survole vraiment lors de cette saison et au contraire, certains manquent m\u00eame d&rsquo;une vraie conclusion.<\/p>\n<p>La s\u00e9rie aura encore au moins une saison, on verra si la qualit\u00e9 moyenne s&rsquo;am\u00e9liorera \u00e0 ce moment-l\u00e0.<\/p>\n<p><a href=\"https:\/\/www.youtube.com\/watch?v=Fcal6hFyZE0\" target=\"_blank\" rel=\"noopener\">Vous pouvez voir la bande-annonce en cliquant ici<\/a>. Visible sur Disney+.<\/p>\n<h3 style=\"padding-left: 40px;\">33<sup>\u00e8me<\/sup> :<strong><em> Alice in Borderland &#8211; Saison 3<\/em><\/strong><\/h3>\n<p><a href=\"https:\/\/worldofmeg.be\/wp-content\/uploads\/2026\/01\/AliceBorderland3.jpg\"><img loading=\"lazy\" decoding=\"async\" class=\"alignleft size-thumbnail wp-image-3166\" src=\"https:\/\/worldofmeg.be\/wp-content\/uploads\/2026\/01\/AliceBorderland3-120x150.jpg\" alt=\"\" width=\"120\" height=\"150\" srcset=\"https:\/\/worldofmeg.be\/wp-content\/uploads\/2026\/01\/AliceBorderland3-120x150.jpg 120w, https:\/\/worldofmeg.be\/wp-content\/uploads\/2026\/01\/AliceBorderland3-240x300.jpg 240w, https:\/\/worldofmeg.be\/wp-content\/uploads\/2026\/01\/AliceBorderland3-819x1024.jpg 819w, https:\/\/worldofmeg.be\/wp-content\/uploads\/2026\/01\/AliceBorderland3-768x960.jpg 768w, https:\/\/worldofmeg.be\/wp-content\/uploads\/2026\/01\/AliceBorderland3.jpg 1080w\" sizes=\"auto, (max-width: 120px) 100vw, 120px\" \/><\/a>Je l&rsquo;ai d\u00e9couverte tardivement mais j&rsquo;avais beaucoup aim\u00e9 les deux premi\u00e8res saisons de cette s\u00e9rie japonaise.<\/p>\n<p>Lorsque la s\u00e9rie commence, Ry\u014dhei Arisu et ses 2 meilleurs amis se retrouvent myst\u00e9rieusement transport\u00e9s dans un Tokyo alternatif et d\u00e9sol\u00e9, o\u00f9 ils se retrouvent \u00e0 \u00eatre forc\u00e9s \u00e0 jouer (et \u00e0 survivre) \u00e0 des jeux mortels sous peine d&rsquo;\u00eatre ex\u00e9cut\u00e9s. La seconde saison apportait une fin satisfaisante mais laissait la porte ouverte \u00e0 un retour.<\/p>\n<p>Et <strong>cette troisi\u00e8me saison est un peu trop \u00ab\u00a0mouif\u00a0\u00bb<\/strong>. Le non-retour de personnages attachants et importants des autres saisons, des jeux parfois bien trop longs et aux r\u00e8gles complexes, \u00e0 l&rsquo;oppos\u00e9 de la simplicit\u00e9 du d\u00e9but et une intrigue qui finalement repose un peu trop sur des co\u00efncidences, ce n&rsquo;est pas la conclusion qu&rsquo;on avait vraiment envie d&rsquo;avoir.<\/p>\n<p>Elle n&rsquo;est pas non plus d\u00e9sagr\u00e9able \u00e0 regarder mais elle est bien en dessous des pr\u00e9c\u00e9dentes et n&rsquo;est pas indispensable. Dommage.<\/p>\n<p><a href=\"https:\/\/www.youtube.com\/watch?v=IkyV2EA622g\" target=\"_blank\" rel=\"noopener\">Vous pouvez voir la bande-annonce en cliquant ici<\/a>. Visible sur Netflix.<\/p>\n<h3 style=\"padding-left: 40px;\">34<sup>\u00e8me<\/sup> :<strong><em> Marvel Zombies<\/em><\/strong><\/h3>\n<p><a href=\"https:\/\/worldofmeg.be\/wp-content\/uploads\/2026\/01\/MarvelZombies.webp\"><img loading=\"lazy\" decoding=\"async\" class=\"alignleft size-thumbnail wp-image-3186\" src=\"https:\/\/worldofmeg.be\/wp-content\/uploads\/2026\/01\/MarvelZombies-113x150.webp\" alt=\"\" width=\"113\" height=\"150\" srcset=\"https:\/\/worldofmeg.be\/wp-content\/uploads\/2026\/01\/MarvelZombies-113x150.webp 113w, https:\/\/worldofmeg.be\/wp-content\/uploads\/2026\/01\/MarvelZombies-225x300.webp 225w, https:\/\/worldofmeg.be\/wp-content\/uploads\/2026\/01\/MarvelZombies-768x1024.webp 768w, https:\/\/worldofmeg.be\/wp-content\/uploads\/2026\/01\/MarvelZombies-1152x1536.webp 1152w, https:\/\/worldofmeg.be\/wp-content\/uploads\/2026\/01\/MarvelZombies.webp 1200w\" sizes=\"auto, (max-width: 113px) 100vw, 113px\" \/><\/a>Cette mini-s\u00e9rie anim\u00e9e Marvel en 4 \u00e9pisodes nous propose de se retrouver dans le monde d\u00e9j\u00e0 aper\u00e7u dans la premi\u00e8re saison de \u00ab\u00a0<em>What If<\/em>\u00a0\u00bb o\u00f9 le monde Marvel et la majorit\u00e9 de ses h\u00e9ros ont \u00e9t\u00e9 transform\u00e9s en zombies qui sont dirig\u00e9s par une version contamin\u00e9e de Wanda Maximoff.<\/p>\n<p>On va ici suivre un groupe de survivants qui a peut-\u00eatre trouv\u00e9 le moyen d&rsquo;arr\u00eater ce fl\u00e9au mais leur mission mettre leurs vies de plus en plus en danger.<\/p>\n<p>Il y a des id\u00e9es sympas mais on a d\u00e9j\u00e0 l&rsquo;impression de voir presque 4 fois le m\u00eame \u00e9pisode tant la structure est similaire et tant l&rsquo;histoire n&rsquo;avance que peu. C&rsquo;est sympa de retrouver des personnages connus (et leur vraie voix bien souvent), mais le tout manque d&rsquo;originalit\u00e9 m\u00eame s&rsquo;il y a parfois quelques bonnes id\u00e9es.<\/p>\n<p><strong>Les amateurs du MCU et\/ou des univers de zombies pourront y trouver leur compte mais on n&rsquo;est loin de quelque chose d&rsquo;indispensable<\/strong>.<\/p>\n<p><a href=\"https:\/\/www.youtube.com\/watch?v=LhPiqhVWZy8\" target=\"_blank\" rel=\"noopener\">Vous pouvez voir la bande-annonce en cliquant ici<\/a>. Visible sur Disney+.<\/p>\n<h3 style=\"padding-left: 40px;\">35<sup>\u00e8me<\/sup> : <strong><em>Squid Game &#8211; Saison 3<\/em><\/strong><\/h3>\n<p><a href=\"https:\/\/worldofmeg.be\/wp-content\/uploads\/2026\/01\/SquidGame3.webp\"><img loading=\"lazy\" decoding=\"async\" class=\"alignleft size-thumbnail wp-image-3200\" src=\"https:\/\/worldofmeg.be\/wp-content\/uploads\/2026\/01\/SquidGame3-120x150.webp\" alt=\"\" width=\"120\" height=\"150\" srcset=\"https:\/\/worldofmeg.be\/wp-content\/uploads\/2026\/01\/SquidGame3-120x150.webp 120w, https:\/\/worldofmeg.be\/wp-content\/uploads\/2026\/01\/SquidGame3-240x300.webp 240w, https:\/\/worldofmeg.be\/wp-content\/uploads\/2026\/01\/SquidGame3-819x1024.webp 819w, https:\/\/worldofmeg.be\/wp-content\/uploads\/2026\/01\/SquidGame3-768x960.webp 768w, https:\/\/worldofmeg.be\/wp-content\/uploads\/2026\/01\/SquidGame3.webp 1080w\" sizes=\"auto, (max-width: 120px) 100vw, 120px\" \/><\/a>J&rsquo;ai pris le train de <em>Squid Game<\/em> bien en retard, ayant commenc\u00e9 la s\u00e9rie au moment o\u00f9 la saison 2 allait commencer. La premi\u00e8re saison est vraiment une r\u00e9ussite avec assez peu de reproches \u00e0 lui faire et puis arrive le dyptique \u00ab\u00a0saison 2 &#8211; saison 3\u00a0\u00bb qui relance une histoire qui aurait pu en rester l\u00e0.<\/p>\n<p>Si la saison 2 avait d\u00e9j\u00e0 un probl\u00e8me de redite de certains \u00e9v\u00e9nements de la premi\u00e8re malgr\u00e9 de bonnes id\u00e9es \u00e9galement, cette saison finale baisse de qualit\u00e9 mais devient \u00e9galement trop pr\u00e9visible sur certains \u00ab\u00a0twists finaux\u00a0\u00bb. Avec une \u00e9criture \u00ab\u00a0plus r\u00e9fl\u00e9chie\u00a0\u00bb cette saison finale aurait pu \u00eatre super, mais il y a plusieurs mauvais choix selon moi qui font que <strong>si j&rsquo;ai tout de m\u00eame appr\u00e9ci\u00e9 suivre les \u00e9v\u00e9nements racont\u00e9s et certaines id\u00e9es, je reste mitig\u00e9 sur la conclusion<\/strong> et je reste m\u00e9fiant sur le spin-off am\u00e9ricain qui devrait \u00eatre tourn\u00e9 cette ann\u00e9e.<\/p>\n<p><a href=\"https:\/\/www.youtube.com\/watch?v=aQAbx8XZBII\" target=\"_blank\" rel=\"noopener\">Vous pouvez voir la bande-annonce en cliquant ici<\/a>. Visible sur Netflix.<\/p>\n<h3 style=\"padding-left: 40px;\">36<sup>\u00e8me<\/sup> :<strong><em> Harley Quinn &#8211; Saison 5<\/em><\/strong><\/h3>\n<p><a href=\"https:\/\/worldofmeg.be\/wp-content\/uploads\/2026\/01\/HarleyQuinn5.webp\"><img loading=\"lazy\" decoding=\"async\" class=\"alignleft size-thumbnail wp-image-3182\" src=\"https:\/\/worldofmeg.be\/wp-content\/uploads\/2026\/01\/HarleyQuinn5-101x150.webp\" alt=\"\" width=\"101\" height=\"150\" srcset=\"https:\/\/worldofmeg.be\/wp-content\/uploads\/2026\/01\/HarleyQuinn5-101x150.webp 101w, https:\/\/worldofmeg.be\/wp-content\/uploads\/2026\/01\/HarleyQuinn5-203x300.webp 203w, https:\/\/worldofmeg.be\/wp-content\/uploads\/2026\/01\/HarleyQuinn5-692x1024.webp 692w, https:\/\/worldofmeg.be\/wp-content\/uploads\/2026\/01\/HarleyQuinn5-768x1137.webp 768w, https:\/\/worldofmeg.be\/wp-content\/uploads\/2026\/01\/HarleyQuinn5.webp 1013w\" sizes=\"auto, (max-width: 101px) 100vw, 101px\" \/><\/a>5\u00e8me saison d\u00e9j\u00e0 de la s\u00e9rie anim\u00e9e de chez DC qui met en sc\u00e8ne une Harley Quinn lib\u00e9r\u00e9e du Joker, et d\u00e9sormais en couple avec Poison Ivy.<\/p>\n<p>\u00c7a reste dr\u00f4le et globalement divertissant mais je n&rsquo;ai pas tout ador\u00e9 dans l&rsquo;histoire globale de<strong> cette saison que je trouve bien plus faible que les pr\u00e9c\u00e9dentes<\/strong>.<\/p>\n<p><a href=\"https:\/\/www.youtube.com\/watch?v=9u0Tvp4c04w\" target=\"_blank\" rel=\"noopener\">Vous pouvez voir la bande-annonce en cliquant ici<\/a>. Visible sur HBO Max.<\/p>\n<h3 style=\"padding-left: 40px;\">37<sup>\u00e8me<\/sup> : <strong><em>Dragon Ball Daima<\/em><\/strong><\/h3>\n<p><a href=\"https:\/\/worldofmeg.be\/wp-content\/uploads\/2026\/01\/DBDaima.webp\"><img loading=\"lazy\" decoding=\"async\" class=\"alignleft size-thumbnail wp-image-3174\" src=\"https:\/\/worldofmeg.be\/wp-content\/uploads\/2026\/01\/DBDaima-120x150.webp\" alt=\"\" width=\"120\" height=\"150\" srcset=\"https:\/\/worldofmeg.be\/wp-content\/uploads\/2026\/01\/DBDaima-120x150.webp 120w, https:\/\/worldofmeg.be\/wp-content\/uploads\/2026\/01\/DBDaima-240x300.webp 240w, https:\/\/worldofmeg.be\/wp-content\/uploads\/2026\/01\/DBDaima-819x1024.webp 819w, https:\/\/worldofmeg.be\/wp-content\/uploads\/2026\/01\/DBDaima-768x960.webp 768w, https:\/\/worldofmeg.be\/wp-content\/uploads\/2026\/01\/DBDaima-1229x1536.webp 1229w, https:\/\/worldofmeg.be\/wp-content\/uploads\/2026\/01\/DBDaima.webp 1440w\" sizes=\"auto, (max-width: 120px) 100vw, 120px\" \/><\/a>C&rsquo;est toujours un peu le bordel pour savoir ce qui est canon dans les histoires Dragon Ball, ce qui ne l&rsquo;est pas, etc.<\/p>\n<p>Dragon Ball Daima est une s\u00e9rie qui se place officiellement apr\u00e8s la fin de Dragon Ball Z et avant Dragon Ball Super et elle a \u00e9t\u00e9 \u00e9crite par Akira Toriyama avant son d\u00e9c\u00e8s.<\/p>\n<p>Le nouveau Roi Supr\u00eame du Monde des D\u00e9mons arrive sur Terre et fait le v\u0153u via Shenron de transformer en enfants les h\u00e9ros de la Terre. Il kidnappe Dend\u00e9 b\u00e9b\u00e9 et s&rsquo;enfuit. Commence alors un voyage dans les mondes des D\u00e9mons pour retrouver Dend\u00e9 et pour que tout le monde retrouve son apparence normale.<\/p>\n<p>Si on suit les aventures sans s&rsquo;ennuyer, on n&rsquo;est pas face \u00e0 une grande s\u00e9rie d&rsquo;animation non plus. Certains affrontements sont chouettes et bien rythm\u00e9s, d&rsquo;autres sont compl\u00e8tement oubliables, l&rsquo;intelligence des personnages est parfois variable selon les envies du sc\u00e9nario mais la s\u00e9rie a surtout un probl\u00e8me de rythme avec une longue mise en place lente, suivie d&rsquo;une s\u00e9rie d&rsquo;\u00e9v\u00e9nements racont\u00e9s parfois en un demi-\u00e9pisode, alors que \u00e7a m\u00e9ritait de s&rsquo;y attarder un peu contrairement au d\u00e9but, avant de se conclure sur un affrontement bien trop long pour son propre bien.<\/p>\n<p>Les amateurs de Dragon Ball appr\u00e9cieront quand m\u00eame ce court moment (20 \u00e9pisodes) avec leurs h\u00e9ros mais <strong>la s\u00e9rie est loin d&rsquo;\u00eatre indispensable<\/strong>.<\/p>\n<p><a href=\"https:\/\/www.youtube.com\/watch?v=UmuxgGO47Pw\" target=\"_blank\" rel=\"noopener\">Vous pouvez voir la bande-annonce en cliquant ici<\/a>. Visible sur Crunchyroll.<\/p>\n<h3 style=\"padding-left: 40px;\">38<sup>\u00e8me<\/sup> : <strong><em>Georgie &amp; Mandy&rsquo;s First Marriage &#8211; Saison 1<\/em><\/strong><\/h3>\n<p><a href=\"https:\/\/worldofmeg.be\/wp-content\/uploads\/2026\/01\/Georgie__Mandys_First_Marriage_poster.webp\"><img loading=\"lazy\" decoding=\"async\" class=\"alignleft size-thumbnail wp-image-3180\" src=\"https:\/\/worldofmeg.be\/wp-content\/uploads\/2026\/01\/Georgie__Mandys_First_Marriage_poster-120x150.webp\" alt=\"\" width=\"120\" height=\"150\" srcset=\"https:\/\/worldofmeg.be\/wp-content\/uploads\/2026\/01\/Georgie__Mandys_First_Marriage_poster-120x150.webp 120w, https:\/\/worldofmeg.be\/wp-content\/uploads\/2026\/01\/Georgie__Mandys_First_Marriage_poster-240x300.webp 240w, https:\/\/worldofmeg.be\/wp-content\/uploads\/2026\/01\/Georgie__Mandys_First_Marriage_poster-819x1024.webp 819w, https:\/\/worldofmeg.be\/wp-content\/uploads\/2026\/01\/Georgie__Mandys_First_Marriage_poster-768x960.webp 768w, https:\/\/worldofmeg.be\/wp-content\/uploads\/2026\/01\/Georgie__Mandys_First_Marriage_poster-1229x1536.webp 1229w, https:\/\/worldofmeg.be\/wp-content\/uploads\/2026\/01\/Georgie__Mandys_First_Marriage_poster.webp 1440w\" sizes=\"auto, (max-width: 120px) 100vw, 120px\" \/><\/a>C&rsquo;est la suite directe de <a href=\"https:\/\/worldofmeg.be\/index.php\/2024\/07\/18\/1362\/\" target=\"_blank\" rel=\"noopener\">Young Sheldon<\/a>, qui est cette fois centr\u00e9e sur le fr\u00e8re ain\u00e9 de Sheldon (Georgie), sa femme Mandy et leur petite Ceecee.<\/p>\n<p>On ne va pas y passer des heures, on n&rsquo;est sur des personnages qu&rsquo;on appr\u00e9cie et dont on aime suivre les aventures, avec une histoire bien plus ax\u00e9e cette fois sur la famille du c\u00f4t\u00e9 de Mandy, mais il y a moins d&rsquo;attachement qu&rsquo;avec Young Sheldon.<\/p>\n<p><strong>C&rsquo;est une sitcom sympathique<\/strong>, souvent dr\u00f4le, avec des personnages attachants mais rien qui ne soit inoubliable.<\/p>\n<p><a href=\"https:\/\/www.youtube.com\/watch?v=YpTGuB7Mysc\" target=\"_blank\" rel=\"noopener\">Vous pouvez voir la bande-annonce en cliquant ici<\/a>. Visible sur HBO Max.<\/p>\n<h3 style=\"padding-left: 40px;\">39<sup>\u00e8me<\/sup> :<strong><em> Seul face au B\u00e9b\u00e9<\/em><\/strong><\/h3>\n<p><a href=\"https:\/\/worldofmeg.be\/wp-content\/uploads\/2026\/01\/seul_face_au_bebe.webp\"><img loading=\"lazy\" decoding=\"async\" class=\"alignleft size-thumbnail wp-image-3195\" src=\"https:\/\/worldofmeg.be\/wp-content\/uploads\/2026\/01\/seul_face_au_bebe-110x150.webp\" alt=\"\" width=\"110\" height=\"150\" srcset=\"https:\/\/worldofmeg.be\/wp-content\/uploads\/2026\/01\/seul_face_au_bebe-110x150.webp 110w, https:\/\/worldofmeg.be\/wp-content\/uploads\/2026\/01\/seul_face_au_bebe-221x300.webp 221w, https:\/\/worldofmeg.be\/wp-content\/uploads\/2026\/01\/seul_face_au_bebe-753x1024.webp 753w, https:\/\/worldofmeg.be\/wp-content\/uploads\/2026\/01\/seul_face_au_bebe-768x1044.webp 768w, https:\/\/worldofmeg.be\/wp-content\/uploads\/2026\/01\/seul_face_au_bebe.webp 1000w\" sizes=\"auto, (max-width: 110px) 100vw, 110px\" \/><\/a>\u00ab\u00a0<em>Seul face \u00e0 l\u2019abeille<\/em>\u00a0\u00bb avait \u00e9t\u00e9 une s\u00e9rie assez sympa de 2022 o\u00f9 on pouvait retrouver <em>Rowan Atkinson<\/em> charg\u00e9 de faire du gardiennage de luxe dans une maison, o\u00f9 les choses allaient partir en vrille \u00e0 cause d&rsquo;un insecte volant. Gags et situations amusantes s&rsquo;encha\u00eenaient et j&rsquo;avais plut\u00f4t bien aim\u00e9.<\/p>\n<p>3 ans plus tard, Netflix nous propose donc une suite o\u00f9 l&rsquo;on retrouve notre personnage qui va devoir garder un luxueux appartement londonien mais qui a \u00e9galement avec lui un b\u00e9b\u00e9 inconnu qu&rsquo;il tente de remettre aux autorit\u00e9s.<\/p>\n<p>Il y a des moments dr\u00f4les et l&rsquo;acting de <em>Rowan Atkinson<\/em> suffit pour qu&rsquo;on puisse rire de bon c\u0153ur sur certains \u00e9v\u00e9nements ou sur des r\u00e9actions de sa part, mais il y a bien moins de folie que sur le volet pr\u00e9c\u00e9dent et il y a aussi un probl\u00e8me de rythme tant on a l&rsquo;impression d&rsquo;\u00eatre face \u00e0 un long t\u00e9l\u00e9film qui aurait \u00e9t\u00e9 coup\u00e9 en 4 \u00e9pisodes.<\/p>\n<p>C&rsquo;est court donc si vous aimez l&rsquo;acteur principal, <strong>vous pouvez y prendre du plaisir mais elle ne restera pas dans les annales<\/strong>.<\/p>\n<p><a href=\"https:\/\/www.youtube.com\/watch?v=1nNfiw0WmmA\" target=\"_blank\" rel=\"noopener\">Vous pouvez voir la bande-annonce en cliquant ici<\/a>. Visible sur Netflix.<\/p>\n<h3 style=\"padding-left: 40px;\">40<sup>\u00e8me<\/sup> : <strong><em>The Librarians : L&rsquo;h\u00e9ritage de Flynn Carson (The Librarians: The Next Chapter)<\/em><\/strong><\/h3>\n<p><a href=\"https:\/\/worldofmeg.be\/wp-content\/uploads\/2026\/01\/LibrariansNextChapter-scaled.jpg\"><img loading=\"lazy\" decoding=\"async\" class=\"alignleft size-thumbnail wp-image-3185\" src=\"https:\/\/worldofmeg.be\/wp-content\/uploads\/2026\/01\/LibrariansNextChapter-120x150.jpg\" alt=\"\" width=\"120\" height=\"150\" srcset=\"https:\/\/worldofmeg.be\/wp-content\/uploads\/2026\/01\/LibrariansNextChapter-120x150.jpg 120w, https:\/\/worldofmeg.be\/wp-content\/uploads\/2026\/01\/LibrariansNextChapter-240x300.jpg 240w, https:\/\/worldofmeg.be\/wp-content\/uploads\/2026\/01\/LibrariansNextChapter-819x1024.jpg 819w, https:\/\/worldofmeg.be\/wp-content\/uploads\/2026\/01\/LibrariansNextChapter-768x960.jpg 768w, https:\/\/worldofmeg.be\/wp-content\/uploads\/2026\/01\/LibrariansNextChapter-1229x1536.jpg 1229w, https:\/\/worldofmeg.be\/wp-content\/uploads\/2026\/01\/LibrariansNextChapter-1638x2048.jpg 1638w, https:\/\/worldofmeg.be\/wp-content\/uploads\/2026\/01\/LibrariansNextChapter-scaled.jpg 2048w\" sizes=\"auto, (max-width: 120px) 100vw, 120px\" \/><\/a>J&rsquo;appr\u00e9ciais pas mal les t\u00e9l\u00e9films \u00ab\u00a0<em>The Librarians<\/em>\u00a0\u00bb (\u00ab\u00a0<em>Les Aventures de Flynn Carson<\/em>\u00a0\u00bb en VF) avec <em>Noah Wyle<\/em> pendant les ann\u00e9es 2000 et j&rsquo;avais suivi distraitement la s\u00e9rie qui lui faisait suite entre 2014 et 2018.<\/p>\n<p>S\u00e9rie d&rsquo;aventure et de fantasy, elle nous fait rencontrer un nouveau trio de personnages qui vont accompagner le \u00ab\u00a0Librarian\u00a0\u00bb de 1847 qui s&rsquo;est retrouv\u00e9 \u00e0 notre \u00e9poque.<\/p>\n<p><strong>\u00c7a ne casse pas 3 pattes \u00e0 un canard mais c&rsquo;est divertissant<\/strong>.<\/p>\n<p><a href=\"https:\/\/www.youtube.com\/watch?v=IW1mFC1V4p8\" target=\"_blank\" rel=\"noopener\">Vous pouvez voir la bande-annonce en cliquant ici<\/a>. Visible sur Universal (en France).<\/p>\n<h2>\u00c9checs &amp; d\u00e9ceptions<\/h2>\n<h3 style=\"padding-left: 40px;\">41<sup>\u00e8me<\/sup> : <strong><em>Cobra Kai &#8211; Saison 6<\/em><\/strong><\/h3>\n<p><a href=\"https:\/\/worldofmeg.be\/wp-content\/uploads\/2026\/01\/CobraKai6.webp\"><img loading=\"lazy\" decoding=\"async\" class=\"alignleft size-thumbnail wp-image-3171\" src=\"https:\/\/worldofmeg.be\/wp-content\/uploads\/2026\/01\/CobraKai6-120x150.webp\" alt=\"\" width=\"120\" height=\"150\" srcset=\"https:\/\/worldofmeg.be\/wp-content\/uploads\/2026\/01\/CobraKai6-120x150.webp 120w, https:\/\/worldofmeg.be\/wp-content\/uploads\/2026\/01\/CobraKai6-240x300.webp 240w, https:\/\/worldofmeg.be\/wp-content\/uploads\/2026\/01\/CobraKai6-819x1024.webp 819w, https:\/\/worldofmeg.be\/wp-content\/uploads\/2026\/01\/CobraKai6-768x960.webp 768w, https:\/\/worldofmeg.be\/wp-content\/uploads\/2026\/01\/CobraKai6.webp 1080w\" sizes=\"auto, (max-width: 120px) 100vw, 120px\" \/><\/a>Cobra Kai est aussi une s\u00e9rie que j&rsquo;ai commenc\u00e9 \u00e0 regarder bien apr\u00e8s le d\u00e9but de sa diffusion.<\/p>\n<p>Suite des films \u00ab\u00a0<em>The Karate Kid<\/em>\u00ab\u00a0, on y retrouve <em>Ralph Macchio<\/em> et <em>William Zabka<\/em> qui reprennent les r\u00f4les de Daniel LaRusso et Johnny Lawrence, plus de 30 ans apr\u00e8s le premier film.<\/p>\n<p><strong>Cette sixi\u00e8me et derni\u00e8re saison est clairement celle de trop<\/strong>. Elle a le m\u00e9rite de donner une fin satisfaisante mais elle pousse trop le bouchon \u00e0 pas mal de niveau dans le n&rsquo;importe quoi et essaie trop de faire des retournements de situation tous les 2 \u00e9pisodes. Temporalit\u00e9 sans aucun sens, tournois avec r\u00e8gles variables, personnages qui sont devenus des clich\u00e9s d&rsquo;eux-m\u00eames, ce ne sont l\u00e0 que quelques uns des reproches que j&rsquo;avais en t\u00eate en regardant cette saison.<\/p>\n<p>Il faut voir le positif, la s\u00e9rie est d\u00e9sormais compl\u00e8tement termin\u00e9e et je pense qu&rsquo;elle a racont\u00e9 tout ce qu&rsquo;elle devait.<\/p>\n<p><a href=\"https:\/\/www.youtube.com\/watch?v=AoUoTdRuZLQ\" target=\"_blank\" rel=\"noopener\">Vous pouvez voir la bande-annonce en cliquant ici<\/a>. Visible sur Netflix.<\/p>\n<h3 style=\"padding-left: 40px;\">42<sup>\u00e8me<\/sup> :<strong><em> Ironheart<\/em><\/strong><\/h3>\n<p><a href=\"https:\/\/worldofmeg.be\/wp-content\/uploads\/2026\/01\/IronHeart.webp\"><img loading=\"lazy\" decoding=\"async\" class=\"alignleft size-thumbnail wp-image-3184\" src=\"https:\/\/worldofmeg.be\/wp-content\/uploads\/2026\/01\/IronHeart-113x150.webp\" alt=\"\" width=\"113\" height=\"150\" srcset=\"https:\/\/worldofmeg.be\/wp-content\/uploads\/2026\/01\/IronHeart-113x150.webp 113w, https:\/\/worldofmeg.be\/wp-content\/uploads\/2026\/01\/IronHeart-225x300.webp 225w, https:\/\/worldofmeg.be\/wp-content\/uploads\/2026\/01\/IronHeart-768x1024.webp 768w, https:\/\/worldofmeg.be\/wp-content\/uploads\/2026\/01\/IronHeart-1152x1536.webp 1152w, https:\/\/worldofmeg.be\/wp-content\/uploads\/2026\/01\/IronHeart.webp 1200w\" sizes=\"auto, (max-width: 113px) 100vw, 113px\" \/><\/a>Autre s\u00e9rie du MCU sortie cette ann\u00e9e, on y retrouve Riri Williams (crois\u00e9e dans <em>Black Panther: Wakanda Forever<\/em>) qui retourne \u00e0 Chicago et se retrouve m\u00eal\u00e9e \u00e0 d&rsquo;\u00e9tranges \u00e9v\u00e9nements li\u00e9s \u00e0 l&rsquo;\u00e9nigmatique The Hood.<\/p>\n<p>La s\u00e9rie semble globalement plut\u00f4t bien re\u00e7ue tout de m\u00eame mais <strong>de mon c\u00f4t\u00e9, c&rsquo;est une d\u00e9ception. Je n&rsquo;ai accroch\u00e9 \u00e0 rien<\/strong>, je n&rsquo;avais aucune empathie pour la protagoniste (malgr\u00e9 le talent de son interpr\u00e8te <em>Dominique Thorne<\/em>) et je ne trouvais pas l&rsquo;histoire int\u00e9ressante. Le dernier \u00e9pisode et ses r\u00e9v\u00e9lations sauvent un peu les meubles mais c&rsquo;\u00e9tait trop tard pour moi et puis on sent bien que malheureusement, \u00e7a risque de ne mener sur rien du tout comme \u00e7a a \u00e9t\u00e9 trop le cas dans le MCU.<\/p>\n<p><a href=\"https:\/\/www.youtube.com\/watch?v=r4h6OHHuiZ0\" target=\"_blank\" rel=\"noopener\">Vous pouvez voir la bande-annonce en cliquant ici<\/a>. Visible sur Disney+.<\/p>\n<h3 style=\"padding-left: 40px;\">43<sup>\u00e8me<\/sup> : <strong><em>Alien : Earth<\/em><\/strong><\/h3>\n<p><a href=\"https:\/\/worldofmeg.be\/wp-content\/uploads\/2026\/01\/AlienEarth.jpg\"><img loading=\"lazy\" decoding=\"async\" class=\"alignleft size-thumbnail wp-image-3167\" src=\"https:\/\/worldofmeg.be\/wp-content\/uploads\/2026\/01\/AlienEarth-120x150.jpg\" alt=\"\" width=\"120\" height=\"150\" srcset=\"https:\/\/worldofmeg.be\/wp-content\/uploads\/2026\/01\/AlienEarth-120x150.jpg 120w, https:\/\/worldofmeg.be\/wp-content\/uploads\/2026\/01\/AlienEarth-240x300.jpg 240w, https:\/\/worldofmeg.be\/wp-content\/uploads\/2026\/01\/AlienEarth-819x1024.jpg 819w, https:\/\/worldofmeg.be\/wp-content\/uploads\/2026\/01\/AlienEarth-768x960.jpg 768w, https:\/\/worldofmeg.be\/wp-content\/uploads\/2026\/01\/AlienEarth-1229x1536.jpg 1229w, https:\/\/worldofmeg.be\/wp-content\/uploads\/2026\/01\/AlienEarth.jpg 1638w\" sizes=\"auto, (max-width: 120px) 100vw, 120px\" \/><\/a>J&rsquo;\u00e9tais chaud pour cette s\u00e9rie !<\/p>\n<p>2 ans avant les \u00e9v\u00e9nements du premier film \u00ab\u00a0<em>Alien<\/em>\u00ab\u00a0, un vaisseau s&rsquo;\u00e9crase sur Terre alors qu&rsquo;il contient des sp\u00e9cimens extra-terrestres dangereux, dont un x\u00e9nomorphe. Dans le m\u00eame temps, la soci\u00e9t\u00e9 Prodigy Corporation lance son projet \u00ab\u00a0d&rsquo;hybrides\u00a0\u00bb, des consciences humaines transf\u00e9r\u00e9es dans des corps synth\u00e9tiques.<\/p>\n<p><strong>Je n&rsquo;ai pas tout regard\u00e9.<\/strong> Les pr\u00e9mices sont int\u00e9ressantes mais on s&rsquo;ennuie tr\u00e8s vite, les \u00e9v\u00e9nements semblent n&rsquo;avoir parfois ni queue ni t\u00eate et tr\u00e8s vite je me fichais de ce qui arrivait aux personnages.<\/p>\n<p>Pourtant les avis globaux sont plut\u00f4t positifs et la s\u00e9rie a \u00e9t\u00e9 renouvel\u00e9e mais de mon c\u00f4t\u00e9, je n&rsquo;y arrive pas. Peut-\u00eatre lui donnerais-je une seconde chance un jour mais ma conclusion actuelle est que c&rsquo;est ma d\u00e9ception de l&rsquo;ann\u00e9e.<\/p>\n<p><a href=\"https:\/\/www.youtube.com\/watch?v=w632Kcqrmq4\" target=\"_blank\" rel=\"noopener\">Vous pouvez voir la bande-annonce en cliquant ici<\/a>. Visible sur Disney+.<\/p>\n<h2>Les attentes pour 2026<\/h2>\n<p>L&rsquo;an prochain sera encore certainement charg\u00e9, entre les s\u00e9ries qui sont en cours et celles qui arrivent, voici une liste non-exhaustive par ordre alphab\u00e9tique. (<em>Avec parfois une bande-annonce en cliquant sur le titre<\/em>)<\/p>\n<ul>\n<li><strong>Buffy the Vampire Slayer : New Sunnydale <\/strong>( <em>Courant 2026 <\/em>) : Suite \u00ab\u00a0directe\u00a0\u00bb de la s\u00e9rie Buffy qui s&rsquo;est conclue en 2003, avec la pr\u00e9sence de <em>Sarah Michelle Gellar<\/em> au casting, je suis assez curieux de voir ce qu&rsquo;ils vont en faire car j&rsquo;aimais beaucoup la s\u00e9rie originale.<\/li>\n<li><strong>Daredevil: Born Again &#8211; Saison 2 <\/strong>( <em>04\/03\/26 <\/em>) : Suite de <a href=\"https:\/\/worldofmeg.be\/index.php\/2025\/05\/12\/2248\/\" target=\"_blank\" rel=\"noopener\">la premi\u00e8re saison vue en 2025<\/a>, on y verra les cons\u00e9quences des \u00e9v\u00e9nements finaux et le retour d&rsquo;autres personnages ?<\/li>\n<li><a href=\"https:\/\/www.youtube.com\/watch?v=ECI3eCAxRGw\" target=\"_blank\" rel=\"noopener\"><strong>Fallout &#8211; Saison 2 <\/strong><\/a>( <em>En cours\u00a0<\/em>) : La saison a d\u00e9j\u00e0 commenc\u00e9 mais elle sera class\u00e9e l&rsquo;an prochain. Le retour dans le monde post-apocalyptique sera-t-il aussi bien que la premi\u00e8re saison ?<\/li>\n<li><strong>Lanterns <\/strong>( <em>Courant 2026 <\/em>) : Nouvelle s\u00e9rie dans le DC Universe o\u00f9 l&rsquo;on suivra un duo de Green Lanterns, ces gardiens de la paix de l&rsquo;espace qui poss\u00e8dent des anneaux surpuissants.<\/li>\n<li><a href=\"https:\/\/www.youtube.com\/watch?v=cL0WM1mzMKg\" target=\"_blank\" rel=\"noopener\"><strong>Malcolm in the Middle: Life&rsquo;s Still Unfair <\/strong><\/a>( <em>10\/04\/26 <\/em>) : Retour de <em>Malcolm<\/em> et sa famille pour une mini-s\u00e9rie en 4 \u00e9pisodes en mode \u00ab\u00a0que sont-ils devenus ?\u00a0\u00bb<\/li>\n<li><strong>One Piece &#8211; Saison 2<\/strong> ( Mars 2026 ) : Je ne connais que tr\u00e8s peu le manga original mais j&rsquo;ai beaucoup aim\u00e9 l&rsquo;adaptation live-action propos\u00e9e par Netflix et j&rsquo;ai h\u00e2te de voir cette seconde saison des aventures de Luffy et son \u00e9quipage !<\/li>\n<li><strong>Only Murders in the Building &#8211; Saison 6 <\/strong>( <em>Courant 2026 <\/em>) : S&rsquo;ils gardent le m\u00eame rythme que pr\u00e9c\u00e9demment, on devrait avoir cette sixi\u00e8me (et derni\u00e8re ?) saison de nos podcasteurs vers la rentr\u00e9e. Et cette fois, il devrait y avoir aussi du voyage en Grande-Bretagne !<\/li>\n<li><strong><a href=\"https:\/\/www.youtube.com\/watch?v=vGWSq5mra-w\" target=\"_blank\" rel=\"noopener\">Shrinking<\/a> &#8211; Saison 3 <\/strong>( <em>28\/01\/26 <\/em>) : Plus que quelques jours avant de retrouver nos th\u00e9rapeutes pr\u00e9f\u00e9r\u00e9s (entre autres <em>Jason Segel<\/em> et <em>Harrison Ford<\/em>) et leur vie quotidienne.<\/li>\n<li><strong>Silo &#8211; Saison 3 <\/strong>( <em>Courant 2026 <\/em>) : Pas encore de date officielle pour l&rsquo;avant-derni\u00e8re saison de Silo que j&rsquo;attends avec impatience<\/li>\n<li><strong>Spider-Noir <\/strong>( <em>Courant 2026 <\/em>) : Un Spider-Man vieillissant dans un univers alternatif en mode ann\u00e9es 1930 et incarn\u00e9 par Nicolas Cage. Tentant non ?<\/li>\n<li><a href=\"https:\/\/www.youtube.com\/watch?v=VkBU8lvXm7M\" target=\"_blank\" rel=\"noopener\"><strong>Star Trek : Starfleet Academy <\/strong><\/a>( <em>15\/01\/26 <\/em>) : Suite directe de <em>\u00ab\u00a0Star Trek : Discovery\u00a0\u00bb<\/em>, elle nous pr\u00e9sentera la premi\u00e8re promotion de nouveaux Cadets au sein de Starfleet.<\/li>\n<li><strong>Stuart Fails to Save the Universe <\/strong>( <em>Rentr\u00e9e 2026 ? <\/em>) : Nouveau spin-off de The Big Bang Theory o\u00f9 l&rsquo;on retrouvera les personnages de Stuart, Denise, Bert et Kripke. Le pitch a l&rsquo;air particulier mais \u00e7a me rend curieux : \u00ab\u00a0Stuart doit restaurer la r\u00e9alit\u00e9 apr\u00e8s avoir d\u00e9truit un appareil cr\u00e9\u00e9 par Sheldon et Leonard\u00a0\u00bb.<\/li>\n<li><strong>Ted Lasso &#8211; Saison 4 <\/strong>( <em>Courant 2026 <\/em>) : Alors celle-l\u00e0, elle fait peur par contre. Ted Lasso s&rsquo;\u00e9tait magnifiquement conclue avec sa saison 3 mais l&rsquo;appel de l&rsquo;argent a finalement \u00e9t\u00e9 plus fort et ils pr\u00e9voient donc une suite pour cette ann\u00e9e. On ne sait pas grand chose dessus \u00e0 part le retour du casting original, on verra &#8230;<\/li>\n<li><strong>The Boys &#8211; Saison 5 <\/strong>( <em>08\/04\/26 <\/em>) : C&rsquo;est en avril que se termineront les aventures de nos \u00ab\u00a0Boys\u00a0\u00bb. Esp\u00e9rons une belle conclusion satisfaisante ?<\/li>\n<li><strong>VisionQuest <\/strong>( <em>Fin 2026 <\/em>) : Voici enfin qu&rsquo;arrive la suite \u00ab\u00a0directe\u00a0\u00bb de WandaVision o\u00f9 l&rsquo;on saura ce qu&rsquo;il advient du nouveau Vision. Une s\u00e9rie de qualit\u00e9 dans le MCU ?<\/li>\n<li><a href=\"https:\/\/www.youtube.com\/watch?v=2JU2zlLaFns\" target=\"_blank\" rel=\"noopener\"><strong>Wonder Man <\/strong><\/a>( <em>27\/01\/26 <\/em>) : Marvel toujours, mais avec un projet moins connu o\u00f9 un acteur obtiendra des super-pouvoirs. \u00c7a me rend curieux&#8230;<\/li>\n<li><strong>Young Sherlock <\/strong>( <em>04\/03\/26 <\/em>) : Les aventures d&rsquo;un jeune Sherlock Holmes et de ses premi\u00e8res enqu\u00eates avant qu&rsquo;il ne soit d\u00e9tective ? C&rsquo;est un projet casse-gueule, mais je regarderais au moins le d\u00e9but.<\/li>\n<\/ul>\n<h2>Et les prochains Awards &#8230;<\/h2>\n<p>Il ne reste qu&rsquo;une cat\u00e9gorie \u00e0 d\u00e9cerner, les jeux vid\u00e9o !<\/p>\n<p>Qui l&#8217;emportera apr\u00e8s <em><strong>Persona 3 Reload<\/strong><\/em> en 2024 ?<\/p>\n<p>La r\u00e9ponse dans quelques jours, le temps de terminer la r\u00e9daction de l&rsquo;article !<\/p>\n<h2>Le classement complet des Awards S\u00e9ries 2025 en une image<\/h2>\n<p><a href=\"https:\/\/worldofmeg.be\/wp-content\/uploads\/2026\/01\/chart.png\"><img loading=\"lazy\" decoding=\"async\" class=\"aligncenter size-large wp-image-3211\" src=\"https:\/\/worldofmeg.be\/wp-content\/uploads\/2026\/01\/chart-1024x850.png\" alt=\"\" width=\"1024\" height=\"850\" srcset=\"https:\/\/worldofmeg.be\/wp-content\/uploads\/2026\/01\/chart-1024x850.png 1024w, https:\/\/worldofmeg.be\/wp-content\/uploads\/2026\/01\/chart-300x249.png 300w, https:\/\/worldofmeg.be\/wp-content\/uploads\/2026\/01\/chart-150x124.png 150w, https:\/\/worldofmeg.be\/wp-content\/uploads\/2026\/01\/chart-768x637.png 768w, https:\/\/worldofmeg.be\/wp-content\/uploads\/2026\/01\/chart-1536x1274.png 1536w, https:\/\/worldofmeg.be\/wp-content\/uploads\/2026\/01\/chart-2048x1699.png 2048w\" sizes=\"auto, (max-width: 1024px) 100vw, 1024px\" \/><\/a><\/p>\n","protected":false},"excerpt":{"rendered":"<p>Aujourd&rsquo;hui, place aux Awards S\u00e9ries 2025, cat\u00e9gorie qui avait vu la saison 1 de Fallout l&#8217;emporter l&rsquo;an dernier. Il y a de tout : des s\u00e9ries qui se terminent, des nouveaut\u00e9s, des minis\u00e9ries, des anim\u00e9s, etc. \u2026 de quoi plaire \u00e0 tout le monde, surtout avec 43 s\u00e9ries class\u00e9es. Alors, quelle a \u00e9t\u00e9 ma s\u00e9rieLire la suite &rarr;<\/p>\n","protected":false},"author":2,"featured_media":3111,"comment_status":"open","ping_status":"open","sticky":false,"template":"","format":"standard","meta":{"_jetpack_memberships_contains_paid_content":false,"footnotes":""},"categories":[46,9,5],"tags":[260,42,41,122],"class_list":["post-2892","post","type-post","status-publish","format-standard","has-post-thumbnail","hentry","category-critique","category-divers","category-series","tag-260","tag-serie","tag-tv","tag-world-of-meg-awards","has-thumb"],"jetpack_featured_media_url":"https:\/\/worldofmeg.be\/wp-content\/uploads\/2025\/12\/3_Series.png","jetpack_sharing_enabled":true,"_links":{"self":[{"href":"https:\/\/worldofmeg.be\/index.php\/wp-json\/wp\/v2\/posts\/2892","targetHints":{"allow":["GET"]}}],"collection":[{"href":"https:\/\/worldofmeg.be\/index.php\/wp-json\/wp\/v2\/posts"}],"about":[{"href":"https:\/\/worldofmeg.be\/index.php\/wp-json\/wp\/v2\/types\/post"}],"author":[{"embeddable":true,"href":"https:\/\/worldofmeg.be\/index.php\/wp-json\/wp\/v2\/users\/2"}],"replies":[{"embeddable":true,"href":"https:\/\/worldofmeg.be\/index.php\/wp-json\/wp\/v2\/comments?post=2892"}],"version-history":[{"count":20,"href":"https:\/\/worldofmeg.be\/index.php\/wp-json\/wp\/v2\/posts\/2892\/revisions"}],"predecessor-version":[{"id":3229,"href":"https:\/\/worldofmeg.be\/index.php\/wp-json\/wp\/v2\/posts\/2892\/revisions\/3229"}],"wp:featuredmedia":[{"embeddable":true,"href":"https:\/\/worldofmeg.be\/index.php\/wp-json\/wp\/v2\/media\/3111"}],"wp:attachment":[{"href":"https:\/\/worldofmeg.be\/index.php\/wp-json\/wp\/v2\/media?parent=2892"}],"wp:term":[{"taxonomy":"category","embeddable":true,"href":"https:\/\/worldofmeg.be\/index.php\/wp-json\/wp\/v2\/categories?post=2892"},{"taxonomy":"post_tag","embeddable":true,"href":"https:\/\/worldofmeg.be\/index.php\/wp-json\/wp\/v2\/tags?post=2892"}],"curies":[{"name":"wp","href":"https:\/\/api.w.org\/{rel}","templated":true}]}}